{"id":20183,"date":"2023-04-05T13:45:06","date_gmt":"2023-04-05T11:45:06","guid":{"rendered":"https:\/\/mo5.fr\/?p=20183"},"modified":"2023-04-17T12:32:05","modified_gmt":"2023-04-17T10:32:05","slug":"rencontre-avec-jacky-dubois-ingenieur-a-la-r2e","status":"publish","type":"post","link":"http:\/\/mo5.com\/en\/rencontre-avec-jacky-dubois-ingenieur-a-la-r2e\/","title":{"rendered":"In search of R2E engineers: Jacky Dubois"},"content":{"rendered":"<p><i><span style=\"font-weight: 400;\">Par Herv\u00e9 Le Bouler.<\/span><\/i><\/p>\n<p>Faisons une pause entre deux articles techniques pour parler un peu d&#8217;histoires, de tranches de vie des acteurs de cette \u00e9poque extraordinaire travaillant dans des soci\u00e9t\u00e9s cr\u00e9atrices et fertiles ayant construit la r\u00e9volution de l&#8217;informatique en France. Justement, la soci\u00e9t\u00e9 R2E en est un bon exemple.<\/p>\n<h1><span style=\"font-weight: 400;\">La cr\u00e9ation de la R2E<\/span><\/h1>\n<p><span style=\"font-weight: 400;\">R2E est l\u2019acronyme de R\u00e9alisations et Etudes Electroniques.<\/span><\/p>\n<p><span style=\"font-weight: 400;\">En 1970, dans les disciplines de l\u2019\u00e9lectronique et des mini-ordinateurs en France, la soci\u00e9t\u00e9 Intertechnique est une grosse structure dot\u00e9e d\u2019une solide exp\u00e9rience dans l\u2019a\u00e9ronautique, le nucl\u00e9aire, la m\u00e9decine, les industries. Il faut automatiser, num\u00e9riser, miniaturiser tous les syst\u00e8mes des clients. Mais l\u2019informatique n\u2019en est qu\u2019\u00e0 ses d\u00e9buts et les machines restent tr\u00e8s sp\u00e9cifiquement construites pour chaque projet.<\/span><\/p>\n<p><span style=\"font-weight: 400;\">Deux personnes au sein de cette soci\u00e9t\u00e9, Andr\u00e9 Truong Thi et Fran\u00e7ois Gernelle, ont une vision un peu diff\u00e9rente de l\u2019informatique naissante et poussent l\u2019id\u00e9e de faire des petits ordinateurs, moins chers \u00e0 produire, bas\u00e9s sur des composants \u00e9lectroniques novateurs que sont les microprocesseurs, d&#8217;architecture tr\u00e8s ouverte, rendant l&#8217;usage bien plus polyvalent que ceux des mini syst\u00e8mes d\u2019Intertechnique.\u00a0<\/span><\/p>\n<p><span style=\"font-weight: 400;\">Mais ils ne seront pas \u00e9cout\u00e9s, Intertechnique se satisfaisant du march\u00e9 des gros industriels n\u00e9cessitant de grosses quantit\u00e9s de calculs qu&#8217;apportent les mini syst\u00e8mes.<\/span><\/p>\n<p><span style=\"font-weight: 400;\">Andr\u00e9 Truong Thi d\u00e9cide alors de cr\u00e9er la R2E avec Paul Magneron (directeur commercial d\u2019Intertechnique) en 1970. Fran\u00e7ois Gernelle les rejoint en 1971.<\/span><\/p>\n<p><span style=\"font-weight: 400;\">Tout d\u2019abord centr\u00e9 sur la r\u00e9alisation de projets d\u2019\u00e9lectronique, une demande de l\u2019INRA en 1972, qui co\u00efncide avec la sortie du processeur 8008 d\u2019Intel, donne l\u2019opportunit\u00e9 \u00e0 Fran\u00e7ois Gernelle de concevoir un nouveau concept d\u2019ordinateur polyvalent. Ainsi, entour\u00e9 d&#8217;un petit groupe d&#8217;ing\u00e9nieurs tr\u00e8s dou\u00e9s, il donne naissance au Micral N et \u00e0 toute une gamme qui b\u00e9n\u00e9ficiera des progr\u00e8s des derniers microprocesseurs.<\/span><\/p>\n<div id=\"attachment_20426\" style=\"width: 625px\" class=\"wp-caption aligncenter\"><img loading=\"lazy\" decoding=\"async\" aria-describedby=\"caption-attachment-20426\" class=\"wp-image-20426\" title=\"Equipe Micral\" src=\"https:\/\/mo5.com\/wp-content\/uploads\/2023\/02\/micral-team-300x225.png\" alt=\"micral team\" width=\"615\" height=\"461\" srcset=\"https:\/\/mo5.com\/wp-content\/uploads\/2023\/02\/micral-team-300x225.png 300w, https:\/\/mo5.com\/wp-content\/uploads\/2023\/02\/micral-team.png 600w\"  sizes=\"(max-width: 615px) 100vw, 615px\" \/><p id=\"caption-attachment-20426\" class=\"wp-caption-text\">Bernard Francina, Fran\u00e7ois Gernelle, Jean-Claude Beckmann et Michel Joubert en septembre 1977 devant un Micral C, successeur du Micral N<\/p><\/div>\n<p>&nbsp;<\/p>\n<p><span style=\"font-weight: 400;\">Et comme on peut le constater, au-del\u00e0 des technologies cr\u00e9\u00e9es, des produits vendus et des clients gagn\u00e9s, l\u2019histoire de la R2E se base aussi sur des hommes qui, dans le contexte historique bouillonnant de ce d\u00e9but de la micro-informatique, inventent et mettent en \u0153uvre des concepts pour faire avancer l\u2019histoire de l\u2019informatique en France.<\/span><\/p>\n<p><span style=\"font-weight: 400;\">Nous avons donc d\u00e9cid\u00e9 de publier \u00e9galement un ensemble d\u2019articles parlant de ces pionniers pour comprendre leurs parcours, leurs motivations, leurs souvenirs\u2026 Bref, une vision de l\u2019int\u00e9rieur au-del\u00e0 de la seule revue des faits historiques li\u00e9s \u00e0 cette soci\u00e9t\u00e9.<\/span><\/p>\n<p><span style=\"font-weight: 400;\">Il n\u2019est pas facile de retrouver tous les collaborateurs de l\u2019\u00e9poque. Certains ne sont malheureusement plus l\u00e0 pour nous raconter leurs histoires, d\u2019autres ne veulent plus replonger dans le pass\u00e9. Cependant, quelques-uns sont heureux de nous transmettre leur point de vue de l\u2019histoire de la R2E et partager avec nous les anecdotes de l\u2019int\u00e9rieur.<\/span><\/p>\n<p><span style=\"font-weight: 400;\">C\u2019est par exemple le cas de Jacky Dubois.<\/span><\/p>\n<h1><span style=\"font-weight: 400;\">Jacky Dubois<\/span><\/h1>\n<p><span style=\"font-weight: 400;\">De formation \u00e9lectronicien, il commence sa carri\u00e8re professionnelle dans l\u2019arm\u00e9e de l\u2019air en tant que technicien sur ordinateur de bord pour les Mirages III &amp; IV. Mais un domaine connexe l&#8217;int\u00e9resse d\u00e9j\u00e0 \u00e0 cette \u00e9poque et le pousse \u00e0 suivre des cours du CNAM : c\u2019est l\u2019informatique. Son dipl\u00f4me en poche, il quitte l\u2019arm\u00e9e pour rejoindre la soci\u00e9t\u00e9 Intertechnique \u00e0 Plaisir o\u00f9 il va occuper le poste de technicien de maintenance en informatique pendant 5 ans. Cette soci\u00e9t\u00e9 fabriquait toute une gamme de mini ordinateurs du multi4 au multi20.<\/span><\/p>\n<p><span style=\"font-weight: 400;\">Mais la hi\u00e9rarchie pesante et les faibles possibilit\u00e9s d\u2019\u00e9volutions le motivent \u00e0 r\u00e9pondre positivement \u00e0 l\u2019appel d\u2019un ancien coll\u00e8gue d\u2019Intertechnique parti \u00e0 la R2E. C\u2019est ainsi en 1979 que Jacky Dubois int\u00e8gre la soci\u00e9t\u00e9 bas\u00e9e aux Ulis, que Fran\u00e7ois Gernelle avait d\u00e9j\u00e0 rejointe en 1971, qui va lui procurer la plus intense exp\u00e9rience de travail de toute sa vie professionnelle.<\/span><\/p>\n<h1><span style=\"font-weight: 400;\">Son aventure \u00e0 la R2E<\/span><\/h1>\n<p><span style=\"font-weight: 400;\">\u201cPour moi, l\u2019arriv\u00e9e \u00e0 la R2E repr\u00e9sentait une bouff\u00e9e d\u2019oxyg\u00e8ne avec de grandes possibilit\u00e9s d\u2019ouverture\u201d d\u00e9clare-t-il.<\/span><\/p>\n<p><span style=\"font-weight: 400;\">Contrairement \u00e0 son passage chez Intertechnique o\u00f9 il est rest\u00e9 5 ans au m\u00eame poste, \u00e0 la R2E, il change 20 fois de chef en quelques ann\u00e9es et gravit rapidement les \u00e9chelons passant de technicien de maintenance en client\u00e8le, \u00e0 responsable de maintenance de l\u2019agence de Paris pour ensuite prendre la responsabilit\u00e9 du d\u00e9pannage usine.<\/span><\/p>\n<p><span style=\"font-weight: 400;\">Mais le poste qui l\u2019a marqu\u00e9 \u00e9tait celui de responsable des grandes affaires au sein de la maintenance. Il a d\u00fb se confronter \u00e0 des projets hors norme et inhabituels.<\/span><\/p>\n<p><span style=\"font-weight: 400;\">Comme par exemple, devoir remplacer un fournisseur d\u00e9faillant du projet \u201cPlan des 10000 micros\u201d de l&#8217;Education Nationale. Au sein du plan Calcul lanc\u00e9 par le G\u00e9n\u00e9ral de Gaulle en 1966, un premier sous projet port\u00e9 par l&#8217;Education Nationale consistait \u00e0 \u00e9quiper les \u00e9tablissements scolaires d\u2019ordinateurs afin d\u2019\u00e9duquer les jeunes. Tout d\u2019abord \u201cl\u2019exp\u00e9rience des 58 lyc\u00e9es\u201d permit d\u2019\u00e9quiper quelques lyc\u00e9es choisis de Mitra 15 (CII) et T1600 (T\u00e9l\u00e9matique) entre 1972 et 1980. S&#8217;en est suivi une phase de g\u00e9n\u00e9ralisation, de 79 \u00e0 81,\u00a0 consistant \u00e0 d\u00e9ployer des LX (Logabax) et X1 (Soci\u00e9t\u00e9 Occitane d&#8217;Electronique, <a href=\"http:\/\/silicium.org\/site\/index.php\/28-catalogue\/france\/32-societe-occitane-d-electronique-x1\">plus d&#8217;informations sur cet ordinateur tr\u00e8s rare disponible aupr\u00e8s de l&#8217;association Silicium.org<\/a>) sur pr\u00e8s de 170 lyc\u00e9es. H\u00e9las, ce dernier fournisseur fit faillite et la R2E r\u00e9ussit \u00e0 le remplacer au pied lev\u00e9 aux conditions de tenir les d\u00e9lais (de quelques semaines) de livraison des ordinateurs manquants, fournissant des mod\u00e8les Micral 80-22G, et d\u2019assurer la maintenance des X1 (SOE) d\u00e9j\u00e0 livr\u00e9s et install\u00e9s.<\/span><\/p>\n<div id=\"attachment_20489\" style=\"width: 579px\" class=\"wp-caption aligncenter\"><a href=\"https:\/\/mo5.com\/wp-content\/uploads\/2023\/04\/Micral-80-22g.png\" data-rel=\"lightbox-image-0\" data-rl_title=\"\" data-rl_caption=\"\"><img loading=\"lazy\" decoding=\"async\" aria-describedby=\"caption-attachment-20489\" class=\"wp-image-20489\" title=\"\" src=\"https:\/\/mo5.com\/wp-content\/uploads\/2023\/04\/Micral-80-22g-300x198.png\" alt=\"Micral 80 22g\" width=\"569\" height=\"376\" srcset=\"https:\/\/mo5.com\/wp-content\/uploads\/2023\/04\/Micral-80-22g-300x198.png 300w, https:\/\/mo5.com\/wp-content\/uploads\/2023\/04\/Micral-80-22g-1024x675.png 1024w, https:\/\/mo5.com\/wp-content\/uploads\/2023\/04\/Micral-80-22g-768x506.png 768w, https:\/\/mo5.com\/wp-content\/uploads\/2023\/04\/Micral-80-22g-958x632.png 958w, https:\/\/mo5.com\/wp-content\/uploads\/2023\/04\/Micral-80-22g.png 1456w\"  sizes=\"(max-width: 569px) 100vw, 569px\" \/><\/a><p id=\"caption-attachment-20489\" class=\"wp-caption-text\">Micral 80-22g, expos\u00e9 au Mus\u00e9e National de l\u2019\u00c9ducation de Rouen (cr\u00e9dit : Fr\u00e9d\u00e9ric Bisson)<\/p><\/div>\n<p><span style=\"font-weight: 400;\">Jacky Dubois, avec quelques jeunes recrut\u00e9s en urgence, quelques camions de livraison, et un kit de r\u00e9paration pour la maintenance du X1 constitu\u00e9 dans son garage, r\u00e9ussit \u00e0 \u00e9quiper les lyc\u00e9es et permit aux agences r\u00e9gionales de la R2E d\u2019assurer la maintenance sur des ordinateurs de la SOE en un temps record.<\/span><\/p>\n<p><span style=\"font-weight: 400;\">A cette \u00e9poque, la R2E est une soci\u00e9t\u00e9 dynamique, sur un march\u00e9 porteur, il est d\u2019ailleurs le premier fabricant de micro-ordinateur d\u2019Europe. Le march\u00e9 para\u00eet sans limite, c\u2019est le d\u00e9but de l\u2019informatisation de la soci\u00e9t\u00e9 europ\u00e9enne toute enti\u00e8re.<\/span><\/p>\n<p><span style=\"font-weight: 400;\">Mais au-del\u00e0 de l\u2019aspect professionnel, c\u2019est surtout une aventure humaine.<\/span><\/p>\n<p><span style=\"font-weight: 400;\">\u201cC\u2019\u00e9tait fantastique. C\u2019\u00e9tait une grande famille, on partait en s\u00e9minaire en montagne en France o\u00f9 \u00e0 l\u2019\u00e9tranger. Gernelle et Joubert mettaient une ambiance folle, on ne parlait plus forc\u00e9ment boulot !!\u201d se rem\u00e9more-t-il.<\/span><\/p>\n<p><span style=\"font-weight: 400;\">H\u00e9las, \u00e0 partir de 1981, des man\u0153uvres politiques vont d\u2019abord entra\u00eener un rapprochement forc\u00e9 avec Transac et SEMS pour finalement aboutir au rachat par Honeywell-Bull.<\/span><\/p>\n<p><span style=\"font-weight: 400;\">\u201cSuite au rachat, il y a une envol\u00e9e de moineaux parmi les coll\u00e8gues R2E. Certains sont partis chez Forum International, soci\u00e9t\u00e9 fond\u00e9e par Gernelle, d\u2019autres, comme moi, sont rest\u00e9s. Mais j\u2019ai d\u00fb apprendre \u00e0 vivre dans une grosse boite de 45 000 personnes\u201d ajoute-t-il.<\/span><\/p>\n<p><span style=\"font-weight: 400;\">Suite au rachat, la strat\u00e9gie technologique a imm\u00e9diatement chang\u00e9. D\u2019abord, il n\u2019y avait plus d\u2019avenir pour le march\u00e9 de la micro-informatique, les innovations ont donc cess\u00e9. Pour finalement, dans l\u2019urgence, faire un demi-tour et se lancer dans la copie de l\u2019architecture IBM PC et vendre des clones Ta\u00efwanais.<\/span><\/p>\n<p><span style=\"font-weight: 400;\">Les inventions de la R2E ont \u00e9t\u00e9 oubli\u00e9es. C\u2019est la fin d\u2019une belle histoire.<\/span><\/p>\n<p><span style=\"font-weight: 400;\">Suite au rachat, Jacky Dubois reste quelques ann\u00e9es chez Bull sur des postes qu\u2019il juge int\u00e9ressants jusqu\u2019au jour o\u00f9 il doit participer \u00e0 des missions d\u2019optimisation des co\u00fbts de fonctionnement. En 1993, cela ne l\u2019amuse plus, il d\u00e9missionne et fonde sa propre soci\u00e9t\u00e9 d\u2019innovation.<\/span><\/p>\n<h1><span style=\"font-weight: 400;\">Son admiration pour M. Gernelle<\/span><\/h1>\n<p><span style=\"font-weight: 400;\">L\u2019admiration qu\u2019il porte \u00e0 Fran\u00e7ois Gernelle appara\u00eet constamment en filigrane dans les propos de Jacky Dubois. Il dit d\u2019ailleurs, \u00e0 propos du rachat par Honeywell-Bull, \u201cDe plus, avec Fran\u00e7ois Gernelle, nous avions devant nous un personnage d\u2019une inventivit\u00e9 folle en terme de capacit\u00e9s techniques et technologiques. La fabrication d\u2019un compatible PC n\u2019\u00e9tait pas \u00e0 la hauteur de ses aspirations.<\/span><\/p>\n<p><span style=\"font-weight: 400;\">Il rappelle que Gernelle a imagin\u00e9 l\u2019architecture du premier micro-ordinateur au monde avec le Micral N. \u201cIl a d\u2019ailleurs eu totalement raison de se battre contre Truong qui a voulu r\u00e9cup\u00e9rer la paternit\u00e9 du Micral N. C\u2019est une honte ce qu\u2019il a essay\u00e9 de faire\u201d. Il ne m\u00e2che pas ses mots contre Truong avec qui il n\u2019a jamais eu d\u2019atomes crochus.<\/span><\/p>\n<p><span style=\"font-weight: 400;\">Plus tard, pour les vendeurs itin\u00e9rants de la CCMC (Compagnie des Centres M\u00e9cano-Comptables), Fran\u00e7ois Gernelle imagine le Portal, version transportable du Micral qu\u2019il pr\u00e9sentera au SICOB de 1980, une v\u00e9ritable prouesse pour l&#8217;\u00e9poque o\u00f9 les transportables et portables sont tr\u00e8s rares.<\/span><\/p>\n<p><span style=\"font-weight: 400;\">A pr\u00e9sent, Jacky Dubois milite pour qu\u2019une d\u00e9coration honorifique soit donn\u00e9e \u00e0 Fran\u00e7ois Gernelle afin de le remercier de ses inventions. Il initie une d\u00e9marche aupr\u00e8s de la commune du Chesnay, lieu de r\u00e9sidence de Fran\u00e7ois Gernelle, \u00e0 laquelle il fournit une lettre justifiant sa demande par la mise en lumi\u00e8re de l\u2019apport de Fran\u00e7ois Gernelle \u00e0 l\u2019informatique fran\u00e7aise, voire mondiale. L\u2019association MO5.com s\u2019associe pleinement \u00e0 cette d\u00e9marche, toujours en cours, que nous esp\u00e9rons voir aboutir dans un avenir proche.<\/span><\/p>\n<h1><span style=\"font-weight: 400;\">Sa collection<\/span><\/h1>\n<div id=\"attachment_20425\" style=\"width: 617px\" class=\"wp-caption aligncenter\"><a href=\"https:\/\/mo5.com\/wp-content\/uploads\/2023\/02\/JackyDubois-LMI.jpg\" data-rel=\"lightbox-image-1\" data-rl_title=\"\" data-rl_caption=\"\"><img loading=\"lazy\" decoding=\"async\" aria-describedby=\"caption-attachment-20425\" class=\"wp-image-20425\" title=\"\" src=\"https:\/\/mo5.com\/wp-content\/uploads\/2023\/02\/JackyDubois-LMI-300x200.jpg\" alt=\"JackyDubois LMI\" width=\"607\" height=\"404\" srcset=\"https:\/\/mo5.com\/wp-content\/uploads\/2023\/02\/JackyDubois-LMI-300x200.jpg 300w, https:\/\/mo5.com\/wp-content\/uploads\/2023\/02\/JackyDubois-LMI-18x12.jpg 18w, https:\/\/mo5.com\/wp-content\/uploads\/2023\/02\/JackyDubois-LMI-600x400.jpg 600w, https:\/\/mo5.com\/wp-content\/uploads\/2023\/02\/JackyDubois-LMI-272x182.jpg 272w, https:\/\/mo5.com\/wp-content\/uploads\/2023\/02\/JackyDubois-LMI.jpg 650w\"  sizes=\"(max-width: 607px) 100vw, 607px\" \/><\/a><p id=\"caption-attachment-20425\" class=\"wp-caption-text\">Jacky Dubois avec un des Micral N de sa collection (cr\u00e9dit : Le Monde Informatique)<\/p><\/div>\n<p><span style=\"font-weight: 400;\">Au-del\u00e0 de consid\u00e9rer les ordinateurs Micral comme des outils professionnels, Jacky Dubois d\u00e9veloppe une passion pour ce mat\u00e9riel qui repr\u00e9sente \u00e0 ses yeux un joyau inestimable de la micro-informatique mondiale. Il commence donc sa collection assez t\u00f4t en r\u00e9cup\u00e9rant du mat\u00e9riel qui allait \u00eatre jet\u00e9 \u00e0 la suite d\u2019un incendie dans les locaux des Ulis de la R2E.<\/span><\/p>\n<p><span style=\"font-weight: 400;\">\u201cCela fait des ann\u00e9es, 45 ans environ,\u00a0 que je collectionne tout ce qui touche au Micral. J\u2019ai une collection de 500 \u00e9l\u00e9ments : 16 micro ordinateurs, 60 documentations, 101 sch\u00e9mas, 93 cartes \u00e9lectroniques et 176 logiciels dont les premiers logiciels de jeux.<\/span><\/p>\n<p><span style=\"font-weight: 400;\">De plus, j\u2019ai des tonnes de p\u00e9riph\u00e9riques, des tonnes d\u2019imprimantes\u201d<\/span><\/p>\n<p><span style=\"font-weight: 400;\">De plus, Jacky Dubois milite aupr\u00e8s de l&#8217;\u00c9tat, des r\u00e9gions et des grandes villes de France pour la cr\u00e9ation d\u2019un mus\u00e9e de l&#8217;informatique dans lequel pourrait s&#8217;int\u00e9grer sa collection.<\/span><\/p>\n<p><span style=\"font-weight: 400;\">\u201cAlors, \u00e0 74 ans, je suis \u00e0 pr\u00e9sent dans une situation d\u00e9licate [&#8230;] Mais comme je n\u2019ai eu aucune r\u00e9ponse ni des minist\u00e8res, ni des r\u00e9gions, ni des grandes villes, la collection va sans doute \u00eatre vendue et probablement \u00e0 l\u2019internationale\u201d<\/span><\/p>\n<p><span style=\"font-weight: 400;\">L\u2019association MO5.com milite \u00e9galement depuis des ann\u00e9es pour la cr\u00e9ation d\u2019un tel mus\u00e9e national. Jacky Dubois, de part sa collection et ses actions aupr\u00e8s des autorit\u00e9s, permet de faire avancer le d\u00e9bat et de contribuer, on l\u2019esp\u00e8re, \u00e0 la prise de conscience des politiques pour l\u2019int\u00e9r\u00eat voire l\u2019urgence de la conservation et du partage du patrimoine num\u00e9rique fran\u00e7ais.<\/span><\/p>\n<h1><span style=\"font-weight: 400;\">Le mot de la fin<\/span><\/h1>\n<p><span style=\"font-weight: 400;\">Et enfin \u00e0 la question \u201cque retenez-vous de votre exp\u00e9rience \u00e0 la R2E ?\u201d<\/span><\/p>\n<p><span style=\"font-weight: 400;\">Jacky Dubois nous r\u00e9pond \u201cFantastique. Une petite entreprise, un dynamisme extraordinaire, une libert\u00e9 de faire plein de choses, plein d&#8217;opportunit\u00e9s en interne. C\u2019\u00e9tait une grande famille\u201d ou encore \u201cLes ann\u00e9es pass\u00e9es \u00e0 la R2E ont \u00e9t\u00e9 les plus extraordinaires de ma vie\u201d<\/span><\/p>\n<p><span style=\"font-weight: 400;\">\u00a0<\/span><\/p>\n<p><span style=\"font-weight: 400;\">Je remercie chaleureusement Jacky Dubois pour avoir partag\u00e9 avec nous ces moments de vie et nous vous disons \u00e0 bient\u00f4t pour de nouveaux t\u00e9moignages de cette \u00e9poque de pionniers.<\/span><\/p>\n<p><span style=\"font-weight: 400;\">\u00a0<\/span><\/p>\n<p><span style=\"font-weight: 400;\">N&#8217;oubliez pas de participer \u00e0 la campagne pour soutenir nos travaux !<\/span><a href=\"https:\/\/micral.mo5.com\"><span style=\"font-weight: 400;\"> https:\/\/micral.mo5.com<\/span><\/a><\/p>\n<p>&nbsp;<\/p>\n","protected":false},"excerpt":{"rendered":"<p>Par Herv\u00e9 Le Bouler. Faisons une pause entre deux articles techniques pour parler un peu d&#8217;histoires, de tranches de vie des acteurs de cette \u00e9poque extraordinaire travaillant dans des soci\u00e9t\u00e9s cr\u00e9atrices et fertiles ayant construit la r\u00e9volution de l&#8217;informatique en France. Justement, la soci\u00e9t\u00e9 R2E en est un bon exemple. La cr\u00e9ation de la R2E R2E est l\u2019acronyme de R\u00e9alisations et Etudes Electroniques. En 1970, dans les disciplines de l\u2019\u00e9lectronique et des mini-ordinateurs en France, la soci\u00e9t\u00e9 Intertechnique est une grosse structure dot\u00e9e d\u2019une solide exp\u00e9rience dans l\u2019a\u00e9ronautique, le nucl\u00e9aire, la m\u00e9decine, les industries. Il faut automatiser, num\u00e9riser, miniaturiser tous les syst\u00e8mes des clients. Mais l\u2019informatique n\u2019en est qu\u2019\u00e0 ses d\u00e9buts et les machines restent tr\u00e8s sp\u00e9cifiquement construites pour chaque projet. Deux personnes au sein de cette soci\u00e9t\u00e9, Andr\u00e9 Truong Thi et Fran\u00e7ois Gernelle, ont une vision un peu diff\u00e9rente de l\u2019informatique naissante et poussent l\u2019id\u00e9e de faire des petits ordinateurs, moins chers \u00e0 produire, bas\u00e9s sur des composants \u00e9lectroniques novateurs que sont les microprocesseurs, d&#8217;architecture tr\u00e8s ouverte, rendant l&#8217;usage bien plus polyvalent que ceux des mini syst\u00e8mes d\u2019Intertechnique.\u00a0 Mais ils ne seront pas \u00e9cout\u00e9s, Intertechnique se satisfaisant du march\u00e9 des gros industriels n\u00e9cessitant de grosses quantit\u00e9s de calculs qu&#8217;apportent les mini syst\u00e8mes. Andr\u00e9 Truong Thi d\u00e9cide alors de cr\u00e9er la R2E avec Paul Magneron (directeur commercial d\u2019Intertechnique) en 1970. Fran\u00e7ois Gernelle les rejoint en 1971. Tout d\u2019abord centr\u00e9 sur la r\u00e9alisation de projets d\u2019\u00e9lectronique, une demande de l\u2019INRA en 1972, qui co\u00efncide avec la sortie du processeur 8008 d\u2019Intel, donne l\u2019opportunit\u00e9 \u00e0 Fran\u00e7ois Gernelle de concevoir un nouveau concept d\u2019ordinateur polyvalent. Ainsi, entour\u00e9 d&#8217;un petit groupe d&#8217;ing\u00e9nieurs tr\u00e8s dou\u00e9s, il donne naissance au Micral N et \u00e0 toute une gamme qui b\u00e9n\u00e9ficiera des progr\u00e8s des derniers microprocesseurs. &nbsp; Et comme on peut le constater, au-del\u00e0 des technologies cr\u00e9\u00e9es, des produits vendus et des clients gagn\u00e9s, l\u2019histoire de la R2E se base aussi sur des hommes qui, dans le contexte historique bouillonnant de ce d\u00e9but de la micro-informatique, inventent et mettent en \u0153uvre des concepts pour faire avancer l\u2019histoire de l\u2019informatique en France. Nous avons donc d\u00e9cid\u00e9 de publier \u00e9galement un ensemble d\u2019articles parlant de ces pionniers pour comprendre leurs parcours, leurs motivations, leurs souvenirs\u2026 Bref, une vision de l\u2019int\u00e9rieur au-del\u00e0 de la seule revue des faits historiques li\u00e9s \u00e0 cette soci\u00e9t\u00e9. Il n\u2019est pas facile de retrouver tous les collaborateurs de l\u2019\u00e9poque. Certains ne sont malheureusement plus l\u00e0 pour nous raconter leurs histoires, d\u2019autres ne veulent plus replonger dans le pass\u00e9. Cependant, quelques-uns sont heureux de nous transmettre leur point de vue de l\u2019histoire de la R2E et partager avec nous les anecdotes de l\u2019int\u00e9rieur. C\u2019est par exemple le cas de Jacky Dubois. Jacky Dubois De formation \u00e9lectronicien, il commence sa carri\u00e8re professionnelle dans l\u2019arm\u00e9e de l\u2019air en tant que technicien sur ordinateur de bord pour les Mirages III &amp; IV. Mais un domaine connexe l&#8217;int\u00e9resse d\u00e9j\u00e0 \u00e0 cette \u00e9poque et le pousse \u00e0 suivre des cours du CNAM : c\u2019est l\u2019informatique. Son dipl\u00f4me en poche, il quitte l\u2019arm\u00e9e pour rejoindre la soci\u00e9t\u00e9 Intertechnique \u00e0 Plaisir o\u00f9 il va occuper le poste de technicien de maintenance en informatique pendant [&hellip;]<\/p>\n","protected":false},"author":331,"featured_media":20425,"comment_status":"closed","ping_status":"closed","sticky":false,"template":"","format":"standard","meta":{"_acf_changed":false,"give_campaign_id":0,"footnotes":""},"categories":[114,1485],"tags":[],"class_list":["post-20183","post","type-post","status-publish","format-standard","has-post-thumbnail","hentry","category-actualite","category-micral"],"acf":[],"yoast_head":"<!-- This site is optimized with the Yoast SEO plugin v27.4 - https:\/\/yoast.com\/product\/yoast-seo-wordpress\/ -->\n<title>A la recherche des ing\u00e9nieurs de la R2E : Jacky Dubois - MO5.COM<\/title>\n<meta name=\"robots\" content=\"index, follow, max-snippet:-1, max-image-preview:large, max-video-preview:-1\" \/>\n<link rel=\"canonical\" href=\"https:\/\/mo5.com\/en\/rencontre-avec-jacky-dubois-ingenieur-a-la-r2e\/\" \/>\n<meta property=\"og:locale\" content=\"en_GB\" \/>\n<meta property=\"og:type\" content=\"article\" \/>\n<meta property=\"og:title\" content=\"A la recherche des ing\u00e9nieurs de la R2E : Jacky Dubois - MO5.COM\" \/>\n<meta property=\"og:description\" content=\"Par Herv\u00e9 Le Bouler. Faisons une pause entre deux articles techniques pour parler un peu d&#8217;histoires, de tranches de vie des acteurs de cette \u00e9poque extraordinaire travaillant dans des soci\u00e9t\u00e9s cr\u00e9atrices et fertiles ayant construit la r\u00e9volution de l&#8217;informatique en France. Justement, la soci\u00e9t\u00e9 R2E en est un bon exemple. La cr\u00e9ation de la R2E R2E est l\u2019acronyme de R\u00e9alisations et Etudes Electroniques. En 1970, dans les disciplines de l\u2019\u00e9lectronique et des mini-ordinateurs en France, la soci\u00e9t\u00e9 Intertechnique est une grosse structure dot\u00e9e d\u2019une solide exp\u00e9rience dans l\u2019a\u00e9ronautique, le nucl\u00e9aire, la m\u00e9decine, les industries. Il faut automatiser, num\u00e9riser, miniaturiser tous les syst\u00e8mes des clients. Mais l\u2019informatique n\u2019en est qu\u2019\u00e0 ses d\u00e9buts et les machines restent tr\u00e8s sp\u00e9cifiquement construites pour chaque projet. Deux personnes au sein de cette soci\u00e9t\u00e9, Andr\u00e9 Truong Thi et Fran\u00e7ois Gernelle, ont une vision un peu diff\u00e9rente de l\u2019informatique naissante et poussent l\u2019id\u00e9e de faire des petits ordinateurs, moins chers \u00e0 produire, bas\u00e9s sur des composants \u00e9lectroniques novateurs que sont les microprocesseurs, d&#8217;architecture tr\u00e8s ouverte, rendant l&#8217;usage bien plus polyvalent que ceux des mini syst\u00e8mes d\u2019Intertechnique.\u00a0 Mais ils ne seront pas \u00e9cout\u00e9s, Intertechnique se satisfaisant du march\u00e9 des gros industriels n\u00e9cessitant de grosses quantit\u00e9s de calculs qu&#8217;apportent les mini syst\u00e8mes. Andr\u00e9 Truong Thi d\u00e9cide alors de cr\u00e9er la R2E avec Paul Magneron (directeur commercial d\u2019Intertechnique) en 1970. Fran\u00e7ois Gernelle les rejoint en 1971. Tout d\u2019abord centr\u00e9 sur la r\u00e9alisation de projets d\u2019\u00e9lectronique, une demande de l\u2019INRA en 1972, qui co\u00efncide avec la sortie du processeur 8008 d\u2019Intel, donne l\u2019opportunit\u00e9 \u00e0 Fran\u00e7ois Gernelle de concevoir un nouveau concept d\u2019ordinateur polyvalent. Ainsi, entour\u00e9 d&#8217;un petit groupe d&#8217;ing\u00e9nieurs tr\u00e8s dou\u00e9s, il donne naissance au Micral N et \u00e0 toute une gamme qui b\u00e9n\u00e9ficiera des progr\u00e8s des derniers microprocesseurs. &nbsp; Et comme on peut le constater, au-del\u00e0 des technologies cr\u00e9\u00e9es, des produits vendus et des clients gagn\u00e9s, l\u2019histoire de la R2E se base aussi sur des hommes qui, dans le contexte historique bouillonnant de ce d\u00e9but de la micro-informatique, inventent et mettent en \u0153uvre des concepts pour faire avancer l\u2019histoire de l\u2019informatique en France. Nous avons donc d\u00e9cid\u00e9 de publier \u00e9galement un ensemble d\u2019articles parlant de ces pionniers pour comprendre leurs parcours, leurs motivations, leurs souvenirs\u2026 Bref, une vision de l\u2019int\u00e9rieur au-del\u00e0 de la seule revue des faits historiques li\u00e9s \u00e0 cette soci\u00e9t\u00e9. Il n\u2019est pas facile de retrouver tous les collaborateurs de l\u2019\u00e9poque. Certains ne sont malheureusement plus l\u00e0 pour nous raconter leurs histoires, d\u2019autres ne veulent plus replonger dans le pass\u00e9. Cependant, quelques-uns sont heureux de nous transmettre leur point de vue de l\u2019histoire de la R2E et partager avec nous les anecdotes de l\u2019int\u00e9rieur. C\u2019est par exemple le cas de Jacky Dubois. Jacky Dubois De formation \u00e9lectronicien, il commence sa carri\u00e8re professionnelle dans l\u2019arm\u00e9e de l\u2019air en tant que technicien sur ordinateur de bord pour les Mirages III &amp; IV. Mais un domaine connexe l&#8217;int\u00e9resse d\u00e9j\u00e0 \u00e0 cette \u00e9poque et le pousse \u00e0 suivre des cours du CNAM : c\u2019est l\u2019informatique. Son dipl\u00f4me en poche, il quitte l\u2019arm\u00e9e pour rejoindre la soci\u00e9t\u00e9 Intertechnique \u00e0 Plaisir o\u00f9 il va occuper le poste de technicien de maintenance en informatique pendant [&hellip;]\" \/>\n<meta property=\"og:url\" content=\"https:\/\/mo5.com\/en\/rencontre-avec-jacky-dubois-ingenieur-a-la-r2e\/\" \/>\n<meta property=\"og:site_name\" content=\"MO5.COM\" \/>\n<meta property=\"article:publisher\" content=\"https:\/\/www.facebook.com\/pages\/Association-MO5COM\/9540357570\" \/>\n<meta property=\"article:published_time\" content=\"2023-04-05T11:45:06+00:00\" \/>\n<meta property=\"article:modified_time\" content=\"2023-04-17T10:32:05+00:00\" \/>\n<meta property=\"og:image\" content=\"https:\/\/mo5.com\/wp-content\/uploads\/2023\/02\/JackyDubois-LMI.jpg\" \/>\n\t<meta property=\"og:image:width\" content=\"650\" \/>\n\t<meta property=\"og:image:height\" content=\"433\" \/>\n\t<meta property=\"og:image:type\" content=\"image\/jpeg\" \/>\n<meta name=\"author\" content=\"Herv\u00e9 Le Bouler\" \/>\n<meta name=\"twitter:card\" content=\"summary_large_image\" \/>\n<meta name=\"twitter:creator\" content=\"@assomo5\" \/>\n<meta name=\"twitter:site\" content=\"@assomo5\" \/>\n<meta name=\"twitter:label1\" content=\"Written by\" \/>\n\t<meta name=\"twitter:data1\" content=\"Herv\u00e9 Le Bouler\" \/>\n\t<meta name=\"twitter:label2\" content=\"Estimated reading time\" \/>\n\t<meta name=\"twitter:data2\" content=\"10 minutes\" \/>\n<script type=\"application\/ld+json\" class=\"yoast-schema-graph\">{\"@context\":\"https:\\\/\\\/schema.org\",\"@graph\":[{\"@type\":\"Article\",\"@id\":\"https:\\\/\\\/mo5.com\\\/rencontre-avec-jacky-dubois-ingenieur-a-la-r2e\\\/#article\",\"isPartOf\":{\"@id\":\"https:\\\/\\\/mo5.com\\\/rencontre-avec-jacky-dubois-ingenieur-a-la-r2e\\\/\"},\"author\":{\"name\":\"Herv\u00e9 Le Bouler\",\"@id\":\"https:\\\/\\\/mo5.com\\\/#\\\/schema\\\/person\\\/5881233fe0a786011b4a9bb59f31943e\"},\"headline\":\"A la recherche des ing\u00e9nieurs de la R2E : Jacky Dubois\",\"datePublished\":\"2023-04-05T11:45:06+00:00\",\"dateModified\":\"2023-04-17T10:32:05+00:00\",\"mainEntityOfPage\":{\"@id\":\"https:\\\/\\\/mo5.com\\\/rencontre-avec-jacky-dubois-ingenieur-a-la-r2e\\\/\"},\"wordCount\":2108,\"publisher\":{\"@id\":\"https:\\\/\\\/mo5.com\\\/#organization\"},\"image\":{\"@id\":\"https:\\\/\\\/mo5.com\\\/rencontre-avec-jacky-dubois-ingenieur-a-la-r2e\\\/#primaryimage\"},\"thumbnailUrl\":\"https:\\\/\\\/mo5.com\\\/wp-content\\\/uploads\\\/2023\\\/02\\\/JackyDubois-LMI.jpg\",\"articleSection\":[\"Actualit\u00e9\",\"Micral\"],\"inLanguage\":\"en-GB\"},{\"@type\":\"WebPage\",\"@id\":\"https:\\\/\\\/mo5.com\\\/rencontre-avec-jacky-dubois-ingenieur-a-la-r2e\\\/\",\"url\":\"https:\\\/\\\/mo5.com\\\/rencontre-avec-jacky-dubois-ingenieur-a-la-r2e\\\/\",\"name\":\"A la recherche des ing\u00e9nieurs de la R2E : Jacky Dubois - MO5.COM\",\"isPartOf\":{\"@id\":\"https:\\\/\\\/mo5.com\\\/#website\"},\"primaryImageOfPage\":{\"@id\":\"https:\\\/\\\/mo5.com\\\/rencontre-avec-jacky-dubois-ingenieur-a-la-r2e\\\/#primaryimage\"},\"image\":{\"@id\":\"https:\\\/\\\/mo5.com\\\/rencontre-avec-jacky-dubois-ingenieur-a-la-r2e\\\/#primaryimage\"},\"thumbnailUrl\":\"https:\\\/\\\/mo5.com\\\/wp-content\\\/uploads\\\/2023\\\/02\\\/JackyDubois-LMI.jpg\",\"datePublished\":\"2023-04-05T11:45:06+00:00\",\"dateModified\":\"2023-04-17T10:32:05+00:00\",\"breadcrumb\":{\"@id\":\"https:\\\/\\\/mo5.com\\\/rencontre-avec-jacky-dubois-ingenieur-a-la-r2e\\\/#breadcrumb\"},\"inLanguage\":\"en-GB\",\"potentialAction\":[{\"@type\":\"ReadAction\",\"target\":[\"https:\\\/\\\/mo5.com\\\/rencontre-avec-jacky-dubois-ingenieur-a-la-r2e\\\/\"]}]},{\"@type\":\"ImageObject\",\"inLanguage\":\"en-GB\",\"@id\":\"https:\\\/\\\/mo5.com\\\/rencontre-avec-jacky-dubois-ingenieur-a-la-r2e\\\/#primaryimage\",\"url\":\"https:\\\/\\\/mo5.com\\\/wp-content\\\/uploads\\\/2023\\\/02\\\/JackyDubois-LMI.jpg\",\"contentUrl\":\"https:\\\/\\\/mo5.com\\\/wp-content\\\/uploads\\\/2023\\\/02\\\/JackyDubois-LMI.jpg\",\"width\":650,\"height\":433,\"caption\":\"Jacky Dubois avec un des Micral N de sa collection (cr\u00e9dit : Le Monde Informatique)\"},{\"@type\":\"BreadcrumbList\",\"@id\":\"https:\\\/\\\/mo5.com\\\/rencontre-avec-jacky-dubois-ingenieur-a-la-r2e\\\/#breadcrumb\",\"itemListElement\":[{\"@type\":\"ListItem\",\"position\":1,\"name\":\"Accueil\",\"item\":\"https:\\\/\\\/mo5.com\\\/\"},{\"@type\":\"ListItem\",\"position\":2,\"name\":\"A la recherche des ing\u00e9nieurs de la R2E : Jacky Dubois\"}]},{\"@type\":\"WebSite\",\"@id\":\"https:\\\/\\\/mo5.com\\\/#website\",\"url\":\"https:\\\/\\\/mo5.com\\\/\",\"name\":\"MO5.COM\",\"description\":\"Pr\u00e9server, explorer, rejouer\",\"publisher\":{\"@id\":\"https:\\\/\\\/mo5.com\\\/#organization\"},\"potentialAction\":[{\"@type\":\"SearchAction\",\"target\":{\"@type\":\"EntryPoint\",\"urlTemplate\":\"https:\\\/\\\/mo5.com\\\/?s={search_term_string}\"},\"query-input\":{\"@type\":\"PropertyValueSpecification\",\"valueRequired\":true,\"valueName\":\"search_term_string\"}}],\"inLanguage\":\"en-GB\"},{\"@type\":\"Organization\",\"@id\":\"https:\\\/\\\/mo5.com\\\/#organization\",\"name\":\"Association MO5.COM\",\"url\":\"https:\\\/\\\/mo5.com\\\/\",\"logo\":{\"@type\":\"ImageObject\",\"inLanguage\":\"en-GB\",\"@id\":\"https:\\\/\\\/mo5.com\\\/#\\\/schema\\\/logo\\\/image\\\/\",\"url\":\"https:\\\/\\\/mo5.com\\\/wp-content\\\/uploads\\\/2023\\\/10\\\/Logo_MO5_A_Colo_Texte_Bleu-e1697059504554.png\",\"contentUrl\":\"https:\\\/\\\/mo5.com\\\/wp-content\\\/uploads\\\/2023\\\/10\\\/Logo_MO5_A_Colo_Texte_Bleu-e1697059504554.png\",\"width\":2094,\"height\":559,\"caption\":\"Association MO5.COM\"},\"image\":{\"@id\":\"https:\\\/\\\/mo5.com\\\/#\\\/schema\\\/logo\\\/image\\\/\"},\"sameAs\":[\"https:\\\/\\\/www.facebook.com\\\/pages\\\/Association-MO5COM\\\/9540357570\",\"https:\\\/\\\/x.com\\\/assomo5\",\"http:\\\/\\\/www.instagram.com\\\/assomo5\",\"https:\\\/\\\/www.youtube.com\\\/channel\\\/UCRncMsBo89C9u_8gpWnsOVw\\\/featured\",\"https:\\\/\\\/bsky.app\\\/profile\\\/assomo5.bsky.social\",\"https:\\\/\\\/twitch.tv\\\/mo5assoretro\"]},{\"@type\":\"Person\",\"@id\":\"https:\\\/\\\/mo5.com\\\/#\\\/schema\\\/person\\\/5881233fe0a786011b4a9bb59f31943e\",\"name\":\"Herv\u00e9 Le Bouler\",\"image\":{\"@type\":\"ImageObject\",\"inLanguage\":\"en-GB\",\"@id\":\"https:\\\/\\\/secure.gravatar.com\\\/avatar\\\/fe1ac982c3dab43acfdf77b8cc81abb7b60e8c3267ef4b5883791347975186b7?s=96&d=mm&r=g\",\"url\":\"https:\\\/\\\/secure.gravatar.com\\\/avatar\\\/fe1ac982c3dab43acfdf77b8cc81abb7b60e8c3267ef4b5883791347975186b7?s=96&d=mm&r=g\",\"contentUrl\":\"https:\\\/\\\/secure.gravatar.com\\\/avatar\\\/fe1ac982c3dab43acfdf77b8cc81abb7b60e8c3267ef4b5883791347975186b7?s=96&d=mm&r=g\",\"caption\":\"Herv\u00e9 Le Bouler\"},\"url\":\"http:\\\/\\\/mo5.com\\\/en\\\/author\\\/hervelebouler\\\/\"}]}<\/script>\n<!-- \/ Yoast SEO plugin. -->","yoast_head_json":{"title":"In search of R2E engineers: Jacky Dubois - MO5.COM","robots":{"index":"index","follow":"follow","max-snippet":"max-snippet:-1","max-image-preview":"max-image-preview:large","max-video-preview":"max-video-preview:-1"},"canonical":"https:\/\/mo5.com\/en\/rencontre-avec-jacky-dubois-ingenieur-a-la-r2e\/","og_locale":"en_GB","og_type":"article","og_title":"A la recherche des ing\u00e9nieurs de la R2E : Jacky Dubois - MO5.COM","og_description":"Par Herv\u00e9 Le Bouler. Faisons une pause entre deux articles techniques pour parler un peu d&#8217;histoires, de tranches de vie des acteurs de cette \u00e9poque extraordinaire travaillant dans des soci\u00e9t\u00e9s cr\u00e9atrices et fertiles ayant construit la r\u00e9volution de l&#8217;informatique en France. Justement, la soci\u00e9t\u00e9 R2E en est un bon exemple. La cr\u00e9ation de la R2E R2E est l\u2019acronyme de R\u00e9alisations et Etudes Electroniques. En 1970, dans les disciplines de l\u2019\u00e9lectronique et des mini-ordinateurs en France, la soci\u00e9t\u00e9 Intertechnique est une grosse structure dot\u00e9e d\u2019une solide exp\u00e9rience dans l\u2019a\u00e9ronautique, le nucl\u00e9aire, la m\u00e9decine, les industries. Il faut automatiser, num\u00e9riser, miniaturiser tous les syst\u00e8mes des clients. Mais l\u2019informatique n\u2019en est qu\u2019\u00e0 ses d\u00e9buts et les machines restent tr\u00e8s sp\u00e9cifiquement construites pour chaque projet. Deux personnes au sein de cette soci\u00e9t\u00e9, Andr\u00e9 Truong Thi et Fran\u00e7ois Gernelle, ont une vision un peu diff\u00e9rente de l\u2019informatique naissante et poussent l\u2019id\u00e9e de faire des petits ordinateurs, moins chers \u00e0 produire, bas\u00e9s sur des composants \u00e9lectroniques novateurs que sont les microprocesseurs, d&#8217;architecture tr\u00e8s ouverte, rendant l&#8217;usage bien plus polyvalent que ceux des mini syst\u00e8mes d\u2019Intertechnique.\u00a0 Mais ils ne seront pas \u00e9cout\u00e9s, Intertechnique se satisfaisant du march\u00e9 des gros industriels n\u00e9cessitant de grosses quantit\u00e9s de calculs qu&#8217;apportent les mini syst\u00e8mes. Andr\u00e9 Truong Thi d\u00e9cide alors de cr\u00e9er la R2E avec Paul Magneron (directeur commercial d\u2019Intertechnique) en 1970. Fran\u00e7ois Gernelle les rejoint en 1971. Tout d\u2019abord centr\u00e9 sur la r\u00e9alisation de projets d\u2019\u00e9lectronique, une demande de l\u2019INRA en 1972, qui co\u00efncide avec la sortie du processeur 8008 d\u2019Intel, donne l\u2019opportunit\u00e9 \u00e0 Fran\u00e7ois Gernelle de concevoir un nouveau concept d\u2019ordinateur polyvalent. Ainsi, entour\u00e9 d&#8217;un petit groupe d&#8217;ing\u00e9nieurs tr\u00e8s dou\u00e9s, il donne naissance au Micral N et \u00e0 toute une gamme qui b\u00e9n\u00e9ficiera des progr\u00e8s des derniers microprocesseurs. &nbsp; Et comme on peut le constater, au-del\u00e0 des technologies cr\u00e9\u00e9es, des produits vendus et des clients gagn\u00e9s, l\u2019histoire de la R2E se base aussi sur des hommes qui, dans le contexte historique bouillonnant de ce d\u00e9but de la micro-informatique, inventent et mettent en \u0153uvre des concepts pour faire avancer l\u2019histoire de l\u2019informatique en France. Nous avons donc d\u00e9cid\u00e9 de publier \u00e9galement un ensemble d\u2019articles parlant de ces pionniers pour comprendre leurs parcours, leurs motivations, leurs souvenirs\u2026 Bref, une vision de l\u2019int\u00e9rieur au-del\u00e0 de la seule revue des faits historiques li\u00e9s \u00e0 cette soci\u00e9t\u00e9. Il n\u2019est pas facile de retrouver tous les collaborateurs de l\u2019\u00e9poque. Certains ne sont malheureusement plus l\u00e0 pour nous raconter leurs histoires, d\u2019autres ne veulent plus replonger dans le pass\u00e9. Cependant, quelques-uns sont heureux de nous transmettre leur point de vue de l\u2019histoire de la R2E et partager avec nous les anecdotes de l\u2019int\u00e9rieur. C\u2019est par exemple le cas de Jacky Dubois. Jacky Dubois De formation \u00e9lectronicien, il commence sa carri\u00e8re professionnelle dans l\u2019arm\u00e9e de l\u2019air en tant que technicien sur ordinateur de bord pour les Mirages III &amp; IV. Mais un domaine connexe l&#8217;int\u00e9resse d\u00e9j\u00e0 \u00e0 cette \u00e9poque et le pousse \u00e0 suivre des cours du CNAM : c\u2019est l\u2019informatique. Son dipl\u00f4me en poche, il quitte l\u2019arm\u00e9e pour rejoindre la soci\u00e9t\u00e9 Intertechnique \u00e0 Plaisir o\u00f9 il va occuper le poste de technicien de maintenance en informatique pendant [&hellip;]","og_url":"https:\/\/mo5.com\/en\/rencontre-avec-jacky-dubois-ingenieur-a-la-r2e\/","og_site_name":"MO5.COM","article_publisher":"https:\/\/www.facebook.com\/pages\/Association-MO5COM\/9540357570","article_published_time":"2023-04-05T11:45:06+00:00","article_modified_time":"2023-04-17T10:32:05+00:00","og_image":[{"width":650,"height":433,"url":"https:\/\/mo5.com\/wp-content\/uploads\/2023\/02\/JackyDubois-LMI.jpg","type":"image\/jpeg"}],"author":"Herv\u00e9 Le Bouler","twitter_card":"summary_large_image","twitter_creator":"@assomo5","twitter_site":"@assomo5","twitter_misc":{"Written by":"Herv\u00e9 Le Bouler","Estimated reading time":"10 minutes"},"schema":{"@context":"https:\/\/schema.org","@graph":[{"@type":"Article","@id":"https:\/\/mo5.com\/rencontre-avec-jacky-dubois-ingenieur-a-la-r2e\/#article","isPartOf":{"@id":"https:\/\/mo5.com\/rencontre-avec-jacky-dubois-ingenieur-a-la-r2e\/"},"author":{"name":"Herv\u00e9 Le Bouler","@id":"https:\/\/mo5.com\/#\/schema\/person\/5881233fe0a786011b4a9bb59f31943e"},"headline":"A la recherche des ing\u00e9nieurs de la R2E : Jacky Dubois","datePublished":"2023-04-05T11:45:06+00:00","dateModified":"2023-04-17T10:32:05+00:00","mainEntityOfPage":{"@id":"https:\/\/mo5.com\/rencontre-avec-jacky-dubois-ingenieur-a-la-r2e\/"},"wordCount":2108,"publisher":{"@id":"https:\/\/mo5.com\/#organization"},"image":{"@id":"https:\/\/mo5.com\/rencontre-avec-jacky-dubois-ingenieur-a-la-r2e\/#primaryimage"},"thumbnailUrl":"https:\/\/mo5.com\/wp-content\/uploads\/2023\/02\/JackyDubois-LMI.jpg","articleSection":["Actualit\u00e9","Micral"],"inLanguage":"en-GB"},{"@type":"WebPage","@id":"https:\/\/mo5.com\/rencontre-avec-jacky-dubois-ingenieur-a-la-r2e\/","url":"https:\/\/mo5.com\/rencontre-avec-jacky-dubois-ingenieur-a-la-r2e\/","name":"In search of R2E engineers: Jacky Dubois - MO5.COM","isPartOf":{"@id":"https:\/\/mo5.com\/#website"},"primaryImageOfPage":{"@id":"https:\/\/mo5.com\/rencontre-avec-jacky-dubois-ingenieur-a-la-r2e\/#primaryimage"},"image":{"@id":"https:\/\/mo5.com\/rencontre-avec-jacky-dubois-ingenieur-a-la-r2e\/#primaryimage"},"thumbnailUrl":"https:\/\/mo5.com\/wp-content\/uploads\/2023\/02\/JackyDubois-LMI.jpg","datePublished":"2023-04-05T11:45:06+00:00","dateModified":"2023-04-17T10:32:05+00:00","breadcrumb":{"@id":"https:\/\/mo5.com\/rencontre-avec-jacky-dubois-ingenieur-a-la-r2e\/#breadcrumb"},"inLanguage":"en-GB","potentialAction":[{"@type":"ReadAction","target":["https:\/\/mo5.com\/rencontre-avec-jacky-dubois-ingenieur-a-la-r2e\/"]}]},{"@type":"ImageObject","inLanguage":"en-GB","@id":"https:\/\/mo5.com\/rencontre-avec-jacky-dubois-ingenieur-a-la-r2e\/#primaryimage","url":"https:\/\/mo5.com\/wp-content\/uploads\/2023\/02\/JackyDubois-LMI.jpg","contentUrl":"https:\/\/mo5.com\/wp-content\/uploads\/2023\/02\/JackyDubois-LMI.jpg","width":650,"height":433,"caption":"Jacky Dubois avec un des Micral N de sa collection (cr\u00e9dit : Le Monde Informatique)"},{"@type":"BreadcrumbList","@id":"https:\/\/mo5.com\/rencontre-avec-jacky-dubois-ingenieur-a-la-r2e\/#breadcrumb","itemListElement":[{"@type":"ListItem","position":1,"name":"Accueil","item":"https:\/\/mo5.com\/"},{"@type":"ListItem","position":2,"name":"A la recherche des ing\u00e9nieurs de la R2E : Jacky Dubois"}]},{"@type":"WebSite","@id":"https:\/\/mo5.com\/#website","url":"https:\/\/mo5.com\/","name":"MO5.COM","description":"Preserve, explore, replay","publisher":{"@id":"https:\/\/mo5.com\/#organization"},"potentialAction":[{"@type":"SearchAction","target":{"@type":"EntryPoint","urlTemplate":"https:\/\/mo5.com\/?s={search_term_string}"},"query-input":{"@type":"PropertyValueSpecification","valueRequired":true,"valueName":"search_term_string"}}],"inLanguage":"en-GB"},{"@type":"Organization","@id":"https:\/\/mo5.com\/#organization","name":"MO5.COM Association","url":"https:\/\/mo5.com\/","logo":{"@type":"ImageObject","inLanguage":"en-GB","@id":"https:\/\/mo5.com\/#\/schema\/logo\/image\/","url":"https:\/\/mo5.com\/wp-content\/uploads\/2023\/10\/Logo_MO5_A_Colo_Texte_Bleu-e1697059504554.png","contentUrl":"https:\/\/mo5.com\/wp-content\/uploads\/2023\/10\/Logo_MO5_A_Colo_Texte_Bleu-e1697059504554.png","width":2094,"height":559,"caption":"Association MO5.COM"},"image":{"@id":"https:\/\/mo5.com\/#\/schema\/logo\/image\/"},"sameAs":["https:\/\/www.facebook.com\/pages\/Association-MO5COM\/9540357570","https:\/\/x.com\/assomo5","http:\/\/www.instagram.com\/assomo5","https:\/\/www.youtube.com\/channel\/UCRncMsBo89C9u_8gpWnsOVw\/featured","https:\/\/bsky.app\/profile\/assomo5.bsky.social","https:\/\/twitch.tv\/mo5assoretro"]},{"@type":"Person","@id":"https:\/\/mo5.com\/#\/schema\/person\/5881233fe0a786011b4a9bb59f31943e","name":"Herv\u00e9 Le Bouler","image":{"@type":"ImageObject","inLanguage":"en-GB","@id":"https:\/\/secure.gravatar.com\/avatar\/fe1ac982c3dab43acfdf77b8cc81abb7b60e8c3267ef4b5883791347975186b7?s=96&d=mm&r=g","url":"https:\/\/secure.gravatar.com\/avatar\/fe1ac982c3dab43acfdf77b8cc81abb7b60e8c3267ef4b5883791347975186b7?s=96&d=mm&r=g","contentUrl":"https:\/\/secure.gravatar.com\/avatar\/fe1ac982c3dab43acfdf77b8cc81abb7b60e8c3267ef4b5883791347975186b7?s=96&d=mm&r=g","caption":"Herv\u00e9 Le Bouler"},"url":"http:\/\/mo5.com\/en\/author\/hervelebouler\/"}]}},"_links":{"self":[{"href":"http:\/\/mo5.com\/en\/wp-json\/wp\/v2\/posts\/20183","targetHints":{"allow":["GET"]}}],"collection":[{"href":"http:\/\/mo5.com\/en\/wp-json\/wp\/v2\/posts"}],"about":[{"href":"http:\/\/mo5.com\/en\/wp-json\/wp\/v2\/types\/post"}],"author":[{"embeddable":true,"href":"http:\/\/mo5.com\/en\/wp-json\/wp\/v2\/users\/331"}],"replies":[{"embeddable":true,"href":"http:\/\/mo5.com\/en\/wp-json\/wp\/v2\/comments?post=20183"}],"version-history":[{"count":0,"href":"http:\/\/mo5.com\/en\/wp-json\/wp\/v2\/posts\/20183\/revisions"}],"wp:featuredmedia":[{"embeddable":true,"href":"http:\/\/mo5.com\/en\/wp-json\/wp\/v2\/media\/20425"}],"wp:attachment":[{"href":"http:\/\/mo5.com\/en\/wp-json\/wp\/v2\/media?parent=20183"}],"wp:term":[{"taxonomy":"category","embeddable":true,"href":"http:\/\/mo5.com\/en\/wp-json\/wp\/v2\/categories?post=20183"},{"taxonomy":"post_tag","embeddable":true,"href":"http:\/\/mo5.com\/en\/wp-json\/wp\/v2\/tags?post=20183"}],"curies":[{"name":"wp","href":"https:\/\/api.w.org\/{rel}","templated":true}]}}