{"id":17643,"date":"2019-04-19T13:51:05","date_gmt":"2019-04-19T11:51:05","guid":{"rendered":"https:\/\/mo5.fr\/?p=17643"},"modified":"2019-06-05T17:01:10","modified_gmt":"2019-06-05T15:01:10","slug":"appel-aux-dons-pour-preserver-du-materiel-tres-rare","status":"publish","type":"post","link":"http:\/\/mo5.com\/fr\/appel-aux-dons-pour-preserver-du-materiel-tres-rare\/","title":{"rendered":"Appel aux dons pour pr\u00e9server du mat\u00e9riel tr\u00e8s rare"},"content":{"rendered":"<p>Le 33e <a href=\"http:\/\/mag.mo5.com\/actu\/122882\/mo5-com-dans-le-33e-virus-informatique\/\" target=\"_blank\" rel=\"noopener noreferrer\"><em><strong>Virus Informatique<\/strong><\/em><\/a> avait racont\u00e9 l\u2019op\u00e9ration men\u00e9e conjointement par les associations <a href=\"http:\/\/wda-fr.org\/\" target=\"_blank\" rel=\"noopener noreferrer\"><strong>WDA<\/strong><\/a>, <a href=\"http:\/\/www.museereplay.com\/\" target=\"_blank\" rel=\"noopener noreferrer\"><strong>Mus\u00e9e Replay<\/strong><\/a>, <a href=\"http:\/\/www.musee-bios.fr\/\" target=\"_blank\" rel=\"noopener noreferrer\"><strong>BIOS<\/strong><\/a> et <strong>MO5.COM<\/strong> pour sauvegarder les collections de l\u2019ancien \u00ab\u00a0Mus\u00e9e de l\u2019informatique\u00a0\u00bb \u00e0 l\u2019abandon depuis sa fermeture en 2010. Ces pi\u00e8ces le plus souvent tr\u00e8s rares et volumineuses sont pour le moment stock\u00e9es majoritairement pr\u00e8s de Rouen, mais doivent \u00eatre d\u00e9plac\u00e9es d\u2019urgence et les quatre associations souhaitent les pr\u00e9server dans une r\u00e9serve mutualis\u00e9e install\u00e9e dans un lieu p\u00e9renne, le domaine proven\u00e7al de <a href=\"http:\/\/saint-antonin.net\/\" target=\"_blank\" rel=\"noopener noreferrer\"><strong>Saint-Antonin<\/strong><\/a>.<\/p>\n<div style=\"width: 610px\" class=\"wp-caption aligncenter\"><a href=\"https:\/\/www.leetchi.com\/c\/amenagement-de-la-reserve-informatique-de-saint-antonin\" target=\"_blank\" rel=\"noopener noreferrer\"><img loading=\"lazy\" decoding=\"async\" src=\"http:\/\/mag.mo5.com\/wp-content\/uploads\/2019\/04\/S11-Olivetti-BCS2035.jpg\" alt=\"\" width=\"600\" height=\"402\" \/><\/a><p class=\"wp-caption-text\"><em>L\u2019Olivetti BCS 2035 fait partie des pi\u00e8ces \u00e0 pr\u00e9server<\/em><\/p><\/div>\n<p>Mais compte tenu de la distance et surtout de la nature du mat\u00e9riel \u00e0 transporter (des machines pouvant peser plusieurs centaines de kilos comme le <a href=\"http:\/\/www.lactamme.polytechnique.fr\/Mosaic\/images\/T1600.21.D\/display.html\" target=\"_blank\" rel=\"noopener noreferrer\"><strong>T1600<\/strong><\/a>), il faut imp\u00e9rativement passer par des d\u00e9m\u00e9nageurs professionnels, ce qui a un co\u00fbt. C\u2019est pourquoi nous avons mis en place une cagnotte <a href=\"https:\/\/www.leetchi.com\/c\/amenagement-de-la-reserve-informatique-de-saint-antonin\" target=\"_blank\" rel=\"noopener noreferrer\"><strong>Leetchi<\/strong><\/a> pour collecter <strong>4500\u00a0\u20ac<\/strong> et ainsi accomplir cette op\u00e9ration tr\u00e8s importante pour la pr\u00e9servation de notre patrimoine informatique. Nous vous remercions donc d\u2019avance pour votre soutien.<\/p>\n<ul>\n<li>L\u2019association <a href=\"http:\/\/wda-fr.org\/\" target=\"_blank\" rel=\"noopener noreferrer\"><strong>WDA<\/strong><\/a>, repr\u00e9sent\u00e9e par son pr\u00e9sident <strong>Mathieu Charreyre<\/strong><\/li>\n<li>L\u2019association <a href=\"http:\/\/www.musee-bios.fr\/\" target=\"_blank\" rel=\"noopener noreferrer\"><strong>BIOS<\/strong><\/a>, repr\u00e9sent\u00e9e par son pr\u00e9sident <strong>Gr\u00e9goire Del\u0153uvre<\/strong><\/li>\n<li>L\u2019association <a href=\"http:\/\/www.museereplay.com\/\" target=\"_blank\" rel=\"noopener noreferrer\"><strong>Mus\u00e9e Replay<\/strong><\/a>, repr\u00e9sent\u00e9e par son pr\u00e9sident <strong>Olivier Boisseau<\/strong><\/li>\n<li>L\u2019association <strong>MO5.COM<\/strong>, repr\u00e9sent\u00e9e par son pr\u00e9sident <strong>Philippe Dubois<\/strong><\/li>\n<\/ul>\n<p><center><a class=\"leetchi-widget-btn\" href=\"https:\/\/www.leetchi.com\/c\/amenagement-de-la-reserve-informatique-de-saint-antonin\"><img decoding=\"async\" src=\"https:\/\/asset.leetchi.com\/Content\/Quenette\/img\/culture\/fr\/view\/wizard\/embed-btn.png?v=98fc7fd320924e18a6cbfb66619f91b8\" \/><\/a><\/center>&nbsp;<\/p>\n","protected":false},"excerpt":{"rendered":"<p>Le 33e Virus Informatique avait racont\u00e9 l\u2019op\u00e9ration men\u00e9e conjointement par les associations WDA, Mus\u00e9e Replay, BIOS et MO5.COM pour sauvegarder les collections de l\u2019ancien \u00ab\u00a0Mus\u00e9e de l\u2019informatique\u00a0\u00bb \u00e0 l\u2019abandon depuis sa fermeture en 2010. Ces pi\u00e8ces le plus souvent tr\u00e8s rares et volumineuses sont pour le moment stock\u00e9es majoritairement pr\u00e8s de Rouen, mais doivent \u00eatre d\u00e9plac\u00e9es d\u2019urgence et les quatre associations souhaitent les pr\u00e9server dans une r\u00e9serve mutualis\u00e9e install\u00e9e dans un lieu p\u00e9renne, le domaine proven\u00e7al de Saint-Antonin. Mais compte tenu de la distance et surtout de la nature du mat\u00e9riel \u00e0 transporter (des machines pouvant peser plusieurs centaines de kilos comme le T1600), il faut imp\u00e9rativement passer par des d\u00e9m\u00e9nageurs professionnels, ce qui a un co\u00fbt. C\u2019est pourquoi nous avons mis en place une cagnotte Leetchi pour collecter 4500\u00a0\u20ac et ainsi accomplir cette op\u00e9ration tr\u00e8s importante pour la pr\u00e9servation de notre patrimoine informatique. Nous vous remercions donc d\u2019avance pour votre soutien. L\u2019association WDA, repr\u00e9sent\u00e9e par son pr\u00e9sident Mathieu Charreyre L\u2019association BIOS, repr\u00e9sent\u00e9e par son pr\u00e9sident Gr\u00e9goire Del\u0153uvre L\u2019association Mus\u00e9e Replay, repr\u00e9sent\u00e9e par son pr\u00e9sident Olivier Boisseau L\u2019association MO5.COM, repr\u00e9sent\u00e9e par son pr\u00e9sident Philippe Dubois &nbsp;<\/p>\n","protected":false},"author":321,"featured_media":17644,"comment_status":"closed","ping_status":"closed","sticky":false,"template":"","format":"standard","meta":{"_acf_changed":false,"give_campaign_id":0,"footnotes":""},"categories":[114,9],"tags":[950,193,949,948],"class_list":["post-17643","post","type-post","status-publish","format-standard","has-post-thumbnail","hentry","category-actualite","category-nos-actions","tag-bios","tag-preservation","tag-replay","tag-wda"],"acf":[],"yoast_head":"<!-- This site is optimized with the Yoast SEO plugin v27.4 - https:\/\/yoast.com\/product\/yoast-seo-wordpress\/ -->\n<title>Appel aux dons pour pr\u00e9server du mat\u00e9riel tr\u00e8s rare - MO5.COM<\/title>\n<meta name=\"description\" content=\"Aidez-nous \u00e0 pr\u00e9server du mat\u00e9riel informatique rare et particuli\u00e8rement encombrant, en participant aux frais de d\u00e9m\u00e9nagement dans un lieu adapt\u00e9.\" \/>\n<meta name=\"robots\" content=\"index, follow, max-snippet:-1, max-image-preview:large, max-video-preview:-1\" \/>\n<link rel=\"canonical\" href=\"https:\/\/mo5.com\/fr\/appel-aux-dons-pour-preserver-du-materiel-tres-rare\/\" \/>\n<meta property=\"og:locale\" content=\"fr_FR\" \/>\n<meta property=\"og:type\" content=\"article\" \/>\n<meta property=\"og:title\" content=\"Appel aux dons pour pr\u00e9server du mat\u00e9riel tr\u00e8s rare - MO5.COM\" \/>\n<meta property=\"og:description\" content=\"Aidez-nous \u00e0 pr\u00e9server du mat\u00e9riel informatique rare et particuli\u00e8rement encombrant, en participant aux frais de d\u00e9m\u00e9nagement dans un lieu adapt\u00e9.\" \/>\n<meta property=\"og:url\" content=\"https:\/\/mo5.com\/fr\/appel-aux-dons-pour-preserver-du-materiel-tres-rare\/\" \/>\n<meta property=\"og:site_name\" content=\"MO5.COM\" \/>\n<meta property=\"article:publisher\" content=\"https:\/\/www.facebook.com\/pages\/Association-MO5COM\/9540357570\" \/>\n<meta property=\"article:published_time\" content=\"2019-04-19T11:51:05+00:00\" \/>\n<meta property=\"article:modified_time\" content=\"2019-06-05T15:01:10+00:00\" \/>\n<meta property=\"og:image\" content=\"https:\/\/mo5.com\/wp-content\/uploads\/2019\/04\/2c03d8e0-eaa4-4f65-b870-ad9ca58483c9.png.jpg\" \/>\n\t<meta property=\"og:image:width\" content=\"715\" \/>\n\t<meta property=\"og:image:height\" content=\"520\" \/>\n\t<meta property=\"og:image:type\" content=\"image\/jpeg\" \/>\n<meta name=\"author\" content=\"Vanessa Lambert\" \/>\n<meta name=\"twitter:card\" content=\"summary_large_image\" \/>\n<meta name=\"twitter:creator\" content=\"@assomo5\" \/>\n<meta name=\"twitter:site\" content=\"@assomo5\" \/>\n<meta name=\"twitter:label1\" content=\"\u00c9crit par\" \/>\n\t<meta name=\"twitter:data1\" content=\"Vanessa Lambert\" \/>\n\t<meta name=\"twitter:label2\" content=\"Dur\u00e9e de lecture estim\u00e9e\" \/>\n\t<meta name=\"twitter:data2\" content=\"1 minute\" \/>\n<script type=\"application\/ld+json\" class=\"yoast-schema-graph\">{\"@context\":\"https:\\\/\\\/schema.org\",\"@graph\":[{\"@type\":\"Article\",\"@id\":\"https:\\\/\\\/mo5.com\\\/appel-aux-dons-pour-preserver-du-materiel-tres-rare\\\/#article\",\"isPartOf\":{\"@id\":\"https:\\\/\\\/mo5.com\\\/appel-aux-dons-pour-preserver-du-materiel-tres-rare\\\/\"},\"author\":{\"name\":\"Vanessa Lambert\",\"@id\":\"https:\\\/\\\/mo5.com\\\/#\\\/schema\\\/person\\\/699d40c98de376ea5f90a0e0c8fbbe03\"},\"headline\":\"Appel aux dons pour pr\u00e9server du mat\u00e9riel tr\u00e8s rare\",\"datePublished\":\"2019-04-19T11:51:05+00:00\",\"dateModified\":\"2019-06-05T15:01:10+00:00\",\"mainEntityOfPage\":{\"@id\":\"https:\\\/\\\/mo5.com\\\/appel-aux-dons-pour-preserver-du-materiel-tres-rare\\\/\"},\"wordCount\":262,\"publisher\":{\"@id\":\"https:\\\/\\\/mo5.com\\\/#organization\"},\"image\":{\"@id\":\"https:\\\/\\\/mo5.com\\\/appel-aux-dons-pour-preserver-du-materiel-tres-rare\\\/#primaryimage\"},\"thumbnailUrl\":\"https:\\\/\\\/mo5.com\\\/wp-content\\\/uploads\\\/2019\\\/04\\\/2c03d8e0-eaa4-4f65-b870-ad9ca58483c9.png.jpg\",\"keywords\":[\"bios\",\"pr\u00e9servation\",\"replay\",\"wda\"],\"articleSection\":[\"Actualit\u00e9\",\"Nos actions\"],\"inLanguage\":\"fr-FR\"},{\"@type\":\"WebPage\",\"@id\":\"https:\\\/\\\/mo5.com\\\/appel-aux-dons-pour-preserver-du-materiel-tres-rare\\\/\",\"url\":\"https:\\\/\\\/mo5.com\\\/appel-aux-dons-pour-preserver-du-materiel-tres-rare\\\/\",\"name\":\"Appel aux dons pour pr\u00e9server du mat\u00e9riel tr\u00e8s rare - MO5.COM\",\"isPartOf\":{\"@id\":\"https:\\\/\\\/mo5.com\\\/#website\"},\"primaryImageOfPage\":{\"@id\":\"https:\\\/\\\/mo5.com\\\/appel-aux-dons-pour-preserver-du-materiel-tres-rare\\\/#primaryimage\"},\"image\":{\"@id\":\"https:\\\/\\\/mo5.com\\\/appel-aux-dons-pour-preserver-du-materiel-tres-rare\\\/#primaryimage\"},\"thumbnailUrl\":\"https:\\\/\\\/mo5.com\\\/wp-content\\\/uploads\\\/2019\\\/04\\\/2c03d8e0-eaa4-4f65-b870-ad9ca58483c9.png.jpg\",\"datePublished\":\"2019-04-19T11:51:05+00:00\",\"dateModified\":\"2019-06-05T15:01:10+00:00\",\"description\":\"Aidez-nous \u00e0 pr\u00e9server du mat\u00e9riel informatique rare et particuli\u00e8rement encombrant, en participant aux frais de d\u00e9m\u00e9nagement dans un lieu adapt\u00e9.\",\"breadcrumb\":{\"@id\":\"https:\\\/\\\/mo5.com\\\/appel-aux-dons-pour-preserver-du-materiel-tres-rare\\\/#breadcrumb\"},\"inLanguage\":\"fr-FR\",\"potentialAction\":[{\"@type\":\"ReadAction\",\"target\":[\"https:\\\/\\\/mo5.com\\\/appel-aux-dons-pour-preserver-du-materiel-tres-rare\\\/\"]}]},{\"@type\":\"ImageObject\",\"inLanguage\":\"fr-FR\",\"@id\":\"https:\\\/\\\/mo5.com\\\/appel-aux-dons-pour-preserver-du-materiel-tres-rare\\\/#primaryimage\",\"url\":\"https:\\\/\\\/mo5.com\\\/wp-content\\\/uploads\\\/2019\\\/04\\\/2c03d8e0-eaa4-4f65-b870-ad9ca58483c9.png.jpg\",\"contentUrl\":\"https:\\\/\\\/mo5.com\\\/wp-content\\\/uploads\\\/2019\\\/04\\\/2c03d8e0-eaa4-4f65-b870-ad9ca58483c9.png.jpg\",\"width\":715,\"height\":520,\"caption\":\"2c03d8e0 eaa4 4f65 b870 ad9ca58483c9.png\"},{\"@type\":\"BreadcrumbList\",\"@id\":\"https:\\\/\\\/mo5.com\\\/appel-aux-dons-pour-preserver-du-materiel-tres-rare\\\/#breadcrumb\",\"itemListElement\":[{\"@type\":\"ListItem\",\"position\":1,\"name\":\"Accueil\",\"item\":\"https:\\\/\\\/mo5.com\\\/\"},{\"@type\":\"ListItem\",\"position\":2,\"name\":\"Appel aux dons pour pr\u00e9server du mat\u00e9riel tr\u00e8s rare\"}]},{\"@type\":\"WebSite\",\"@id\":\"https:\\\/\\\/mo5.com\\\/#website\",\"url\":\"https:\\\/\\\/mo5.com\\\/\",\"name\":\"MO5.COM\",\"description\":\"Pr\u00e9server, explorer, rejouer\",\"publisher\":{\"@id\":\"https:\\\/\\\/mo5.com\\\/#organization\"},\"potentialAction\":[{\"@type\":\"SearchAction\",\"target\":{\"@type\":\"EntryPoint\",\"urlTemplate\":\"https:\\\/\\\/mo5.com\\\/?s={search_term_string}\"},\"query-input\":{\"@type\":\"PropertyValueSpecification\",\"valueRequired\":true,\"valueName\":\"search_term_string\"}}],\"inLanguage\":\"fr-FR\"},{\"@type\":\"Organization\",\"@id\":\"https:\\\/\\\/mo5.com\\\/#organization\",\"name\":\"Association MO5.COM\",\"url\":\"https:\\\/\\\/mo5.com\\\/\",\"logo\":{\"@type\":\"ImageObject\",\"inLanguage\":\"fr-FR\",\"@id\":\"https:\\\/\\\/mo5.com\\\/#\\\/schema\\\/logo\\\/image\\\/\",\"url\":\"https:\\\/\\\/mo5.com\\\/wp-content\\\/uploads\\\/2023\\\/10\\\/Logo_MO5_A_Colo_Texte_Bleu-e1697059504554.png\",\"contentUrl\":\"https:\\\/\\\/mo5.com\\\/wp-content\\\/uploads\\\/2023\\\/10\\\/Logo_MO5_A_Colo_Texte_Bleu-e1697059504554.png\",\"width\":2094,\"height\":559,\"caption\":\"Association MO5.COM\"},\"image\":{\"@id\":\"https:\\\/\\\/mo5.com\\\/#\\\/schema\\\/logo\\\/image\\\/\"},\"sameAs\":[\"https:\\\/\\\/www.facebook.com\\\/pages\\\/Association-MO5COM\\\/9540357570\",\"https:\\\/\\\/x.com\\\/assomo5\",\"http:\\\/\\\/www.instagram.com\\\/assomo5\",\"https:\\\/\\\/www.youtube.com\\\/channel\\\/UCRncMsBo89C9u_8gpWnsOVw\\\/featured\",\"https:\\\/\\\/bsky.app\\\/profile\\\/assomo5.bsky.social\",\"https:\\\/\\\/twitch.tv\\\/mo5assoretro\"]},{\"@type\":\"Person\",\"@id\":\"https:\\\/\\\/mo5.com\\\/#\\\/schema\\\/person\\\/699d40c98de376ea5f90a0e0c8fbbe03\",\"name\":\"Vanessa Lambert\",\"image\":{\"@type\":\"ImageObject\",\"inLanguage\":\"fr-FR\",\"@id\":\"https:\\\/\\\/secure.gravatar.com\\\/avatar\\\/9ece66626ce44c3cf1f4e5c76c7b3de985616d63290d11f0309252f3c0f4108d?s=96&d=mm&r=g\",\"url\":\"https:\\\/\\\/secure.gravatar.com\\\/avatar\\\/9ece66626ce44c3cf1f4e5c76c7b3de985616d63290d11f0309252f3c0f4108d?s=96&d=mm&r=g\",\"contentUrl\":\"https:\\\/\\\/secure.gravatar.com\\\/avatar\\\/9ece66626ce44c3cf1f4e5c76c7b3de985616d63290d11f0309252f3c0f4108d?s=96&d=mm&r=g\",\"caption\":\"Vanessa Lambert\"},\"url\":\"http:\\\/\\\/mo5.com\\\/fr\\\/author\\\/vanessa\\\/\"}]}<\/script>\n<!-- \/ Yoast SEO plugin. -->","yoast_head_json":{"title":"Appel aux dons pour pr\u00e9server du mat\u00e9riel tr\u00e8s rare - MO5.COM","description":"Aidez-nous \u00e0 pr\u00e9server du mat\u00e9riel informatique rare et particuli\u00e8rement encombrant, en participant aux frais de d\u00e9m\u00e9nagement dans un lieu adapt\u00e9.","robots":{"index":"index","follow":"follow","max-snippet":"max-snippet:-1","max-image-preview":"max-image-preview:large","max-video-preview":"max-video-preview:-1"},"canonical":"https:\/\/mo5.com\/fr\/appel-aux-dons-pour-preserver-du-materiel-tres-rare\/","og_locale":"fr_FR","og_type":"article","og_title":"Appel aux dons pour pr\u00e9server du mat\u00e9riel tr\u00e8s rare - MO5.COM","og_description":"Aidez-nous \u00e0 pr\u00e9server du mat\u00e9riel informatique rare et particuli\u00e8rement encombrant, en participant aux frais de d\u00e9m\u00e9nagement dans un lieu adapt\u00e9.","og_url":"https:\/\/mo5.com\/fr\/appel-aux-dons-pour-preserver-du-materiel-tres-rare\/","og_site_name":"MO5.COM","article_publisher":"https:\/\/www.facebook.com\/pages\/Association-MO5COM\/9540357570","article_published_time":"2019-04-19T11:51:05+00:00","article_modified_time":"2019-06-05T15:01:10+00:00","og_image":[{"width":715,"height":520,"url":"https:\/\/mo5.com\/wp-content\/uploads\/2019\/04\/2c03d8e0-eaa4-4f65-b870-ad9ca58483c9.png.jpg","type":"image\/jpeg"}],"author":"Vanessa Lambert","twitter_card":"summary_large_image","twitter_creator":"@assomo5","twitter_site":"@assomo5","twitter_misc":{"\u00c9crit par":"Vanessa Lambert","Dur\u00e9e de lecture estim\u00e9e":"1 minute"},"schema":{"@context":"https:\/\/schema.org","@graph":[{"@type":"Article","@id":"https:\/\/mo5.com\/appel-aux-dons-pour-preserver-du-materiel-tres-rare\/#article","isPartOf":{"@id":"https:\/\/mo5.com\/appel-aux-dons-pour-preserver-du-materiel-tres-rare\/"},"author":{"name":"Vanessa Lambert","@id":"https:\/\/mo5.com\/#\/schema\/person\/699d40c98de376ea5f90a0e0c8fbbe03"},"headline":"Appel aux dons pour pr\u00e9server du mat\u00e9riel tr\u00e8s rare","datePublished":"2019-04-19T11:51:05+00:00","dateModified":"2019-06-05T15:01:10+00:00","mainEntityOfPage":{"@id":"https:\/\/mo5.com\/appel-aux-dons-pour-preserver-du-materiel-tres-rare\/"},"wordCount":262,"publisher":{"@id":"https:\/\/mo5.com\/#organization"},"image":{"@id":"https:\/\/mo5.com\/appel-aux-dons-pour-preserver-du-materiel-tres-rare\/#primaryimage"},"thumbnailUrl":"https:\/\/mo5.com\/wp-content\/uploads\/2019\/04\/2c03d8e0-eaa4-4f65-b870-ad9ca58483c9.png.jpg","keywords":["bios","pr\u00e9servation","replay","wda"],"articleSection":["Actualit\u00e9","Nos actions"],"inLanguage":"fr-FR"},{"@type":"WebPage","@id":"https:\/\/mo5.com\/appel-aux-dons-pour-preserver-du-materiel-tres-rare\/","url":"https:\/\/mo5.com\/appel-aux-dons-pour-preserver-du-materiel-tres-rare\/","name":"Appel aux dons pour pr\u00e9server du mat\u00e9riel tr\u00e8s rare - MO5.COM","isPartOf":{"@id":"https:\/\/mo5.com\/#website"},"primaryImageOfPage":{"@id":"https:\/\/mo5.com\/appel-aux-dons-pour-preserver-du-materiel-tres-rare\/#primaryimage"},"image":{"@id":"https:\/\/mo5.com\/appel-aux-dons-pour-preserver-du-materiel-tres-rare\/#primaryimage"},"thumbnailUrl":"https:\/\/mo5.com\/wp-content\/uploads\/2019\/04\/2c03d8e0-eaa4-4f65-b870-ad9ca58483c9.png.jpg","datePublished":"2019-04-19T11:51:05+00:00","dateModified":"2019-06-05T15:01:10+00:00","description":"Aidez-nous \u00e0 pr\u00e9server du mat\u00e9riel informatique rare et particuli\u00e8rement encombrant, en participant aux frais de d\u00e9m\u00e9nagement dans un lieu adapt\u00e9.","breadcrumb":{"@id":"https:\/\/mo5.com\/appel-aux-dons-pour-preserver-du-materiel-tres-rare\/#breadcrumb"},"inLanguage":"fr-FR","potentialAction":[{"@type":"ReadAction","target":["https:\/\/mo5.com\/appel-aux-dons-pour-preserver-du-materiel-tres-rare\/"]}]},{"@type":"ImageObject","inLanguage":"fr-FR","@id":"https:\/\/mo5.com\/appel-aux-dons-pour-preserver-du-materiel-tres-rare\/#primaryimage","url":"https:\/\/mo5.com\/wp-content\/uploads\/2019\/04\/2c03d8e0-eaa4-4f65-b870-ad9ca58483c9.png.jpg","contentUrl":"https:\/\/mo5.com\/wp-content\/uploads\/2019\/04\/2c03d8e0-eaa4-4f65-b870-ad9ca58483c9.png.jpg","width":715,"height":520,"caption":"2c03d8e0 eaa4 4f65 b870 ad9ca58483c9.png"},{"@type":"BreadcrumbList","@id":"https:\/\/mo5.com\/appel-aux-dons-pour-preserver-du-materiel-tres-rare\/#breadcrumb","itemListElement":[{"@type":"ListItem","position":1,"name":"Accueil","item":"https:\/\/mo5.com\/"},{"@type":"ListItem","position":2,"name":"Appel aux dons pour pr\u00e9server du mat\u00e9riel tr\u00e8s rare"}]},{"@type":"WebSite","@id":"https:\/\/mo5.com\/#website","url":"https:\/\/mo5.com\/","name":"MO5.COM","description":"Pr\u00e9server, explorer, rejouer","publisher":{"@id":"https:\/\/mo5.com\/#organization"},"potentialAction":[{"@type":"SearchAction","target":{"@type":"EntryPoint","urlTemplate":"https:\/\/mo5.com\/?s={search_term_string}"},"query-input":{"@type":"PropertyValueSpecification","valueRequired":true,"valueName":"search_term_string"}}],"inLanguage":"fr-FR"},{"@type":"Organization","@id":"https:\/\/mo5.com\/#organization","name":"Association MO5.COM","url":"https:\/\/mo5.com\/","logo":{"@type":"ImageObject","inLanguage":"fr-FR","@id":"https:\/\/mo5.com\/#\/schema\/logo\/image\/","url":"https:\/\/mo5.com\/wp-content\/uploads\/2023\/10\/Logo_MO5_A_Colo_Texte_Bleu-e1697059504554.png","contentUrl":"https:\/\/mo5.com\/wp-content\/uploads\/2023\/10\/Logo_MO5_A_Colo_Texte_Bleu-e1697059504554.png","width":2094,"height":559,"caption":"Association MO5.COM"},"image":{"@id":"https:\/\/mo5.com\/#\/schema\/logo\/image\/"},"sameAs":["https:\/\/www.facebook.com\/pages\/Association-MO5COM\/9540357570","https:\/\/x.com\/assomo5","http:\/\/www.instagram.com\/assomo5","https:\/\/www.youtube.com\/channel\/UCRncMsBo89C9u_8gpWnsOVw\/featured","https:\/\/bsky.app\/profile\/assomo5.bsky.social","https:\/\/twitch.tv\/mo5assoretro"]},{"@type":"Person","@id":"https:\/\/mo5.com\/#\/schema\/person\/699d40c98de376ea5f90a0e0c8fbbe03","name":"Vanessa Lambert","image":{"@type":"ImageObject","inLanguage":"fr-FR","@id":"https:\/\/secure.gravatar.com\/avatar\/9ece66626ce44c3cf1f4e5c76c7b3de985616d63290d11f0309252f3c0f4108d?s=96&d=mm&r=g","url":"https:\/\/secure.gravatar.com\/avatar\/9ece66626ce44c3cf1f4e5c76c7b3de985616d63290d11f0309252f3c0f4108d?s=96&d=mm&r=g","contentUrl":"https:\/\/secure.gravatar.com\/avatar\/9ece66626ce44c3cf1f4e5c76c7b3de985616d63290d11f0309252f3c0f4108d?s=96&d=mm&r=g","caption":"Vanessa Lambert"},"url":"http:\/\/mo5.com\/fr\/author\/vanessa\/"}]}},"_links":{"self":[{"href":"http:\/\/mo5.com\/fr\/wp-json\/wp\/v2\/posts\/17643","targetHints":{"allow":["GET"]}}],"collection":[{"href":"http:\/\/mo5.com\/fr\/wp-json\/wp\/v2\/posts"}],"about":[{"href":"http:\/\/mo5.com\/fr\/wp-json\/wp\/v2\/types\/post"}],"author":[{"embeddable":true,"href":"http:\/\/mo5.com\/fr\/wp-json\/wp\/v2\/users\/321"}],"replies":[{"embeddable":true,"href":"http:\/\/mo5.com\/fr\/wp-json\/wp\/v2\/comments?post=17643"}],"version-history":[{"count":0,"href":"http:\/\/mo5.com\/fr\/wp-json\/wp\/v2\/posts\/17643\/revisions"}],"wp:featuredmedia":[{"embeddable":true,"href":"http:\/\/mo5.com\/fr\/wp-json\/wp\/v2\/media\/17644"}],"wp:attachment":[{"href":"http:\/\/mo5.com\/fr\/wp-json\/wp\/v2\/media?parent=17643"}],"wp:term":[{"taxonomy":"category","embeddable":true,"href":"http:\/\/mo5.com\/fr\/wp-json\/wp\/v2\/categories?post=17643"},{"taxonomy":"post_tag","embeddable":true,"href":"http:\/\/mo5.com\/fr\/wp-json\/wp\/v2\/tags?post=17643"}],"curies":[{"name":"wp","href":"https:\/\/api.w.org\/{rel}","templated":true}]}}