{"id":6332,"date":"2016-10-11T15:56:45","date_gmt":"2016-10-11T14:56:45","guid":{"rendered":"https:\/\/mo5.fr\/?p=6332"},"modified":"2019-03-11T09:43:44","modified_gmt":"2019-03-11T08:43:44","slug":"mo5-com-visites-privees-france-2","status":"publish","type":"post","link":"https:\/\/mo5.com\/en\/mo5-com-visites-privees-france-2\/","title":{"rendered":"MO5.COM in Visites priv\u00e9es on France 2"},"content":{"rendered":"<p>After\u00a0<em><strong><a href=\"http:\/\/mag.mo5.com\/l-asso\/95620\/rappel-2e-partie-de-la-grande-epopee-des-jeux-video-ce-soir\/\" target=\"_blank\" rel=\"noopener noreferrer\">The great epic of video games<\/a>\u00a0<\/strong><\/em>on the channel\u00a0<strong>Mangas<\/strong>the association\u00a0<strong>MO5.COM<\/strong>\u00a0will appear tomorrow on the new show\u00a0<a href=\"http:\/\/www.france2.fr\/emissions\/visites-privees\" target=\"_blank\" rel=\"noopener noreferrer\"><em><strong>Private tours\u00a0<\/strong><\/em><\/a>broadcast on\u00a0<strong>France 2<\/strong>. Presented by\u00a0<strong>St\u00e9phane Bern<\/strong>This daily programme takes a behind-the-scenes look at heritage and its institutions.\u00a0<em>The True Story of Video Games<\/em>\u00a0\"This year, we'll be talking about a part of our heritage that is little-known to the general public, namely micro-computing and video games.<\/p>\n<p>Part of the programme was recorded on our premises in Arcueil in the presence of several of our members but, as usual, it should be remembered that we were not able to view the report in advance and that, unfortunately, we have little control over what will be presented or cut in the editing process...<\/p>\n<p>The association is nevertheless very proud to be able to defend the cause of video games and their preservation on a major national channel. The programme will be rebroadcast on Thursday at 4.05am, and will also be available for catch-up viewing for a week on\u00a0<a href=\"http:\/\/www.france2.fr\/emissions\/visites-privees\" target=\"_blank\" rel=\"noopener noreferrer\">the show's official website<\/a>.<\/p>\n<p><a href=\"http:\/\/www.france2.fr\/emissions\/visites-privees\" target=\"_blank\" rel=\"noopener noreferrer\"><img loading=\"lazy\" decoding=\"async\" class=\"aligncenter wp-image-103588\" title=\"Visites priv\u00e9es (France 2)\" src=\"http:\/\/mag.mo5.com\/wp-content\/uploads\/2016\/10\/visites-privees-france-2.jpg\"  sizes=\"(max-width: 450px) 100vw, 450px\" srcset=\"http:\/\/mag.mo5.com\/wp-content\/uploads\/2016\/10\/visites-privees-france-2.jpg 600w, http:\/\/mag.mo5.com\/wp-content\/uploads\/2016\/10\/visites-privees-france-2-300x169.jpg 300w\" alt=\"Visites priv\u00e9es (France 2)\" width=\"450\" height=\"254\" \/><\/a><\/p>\n<p><iframe loading=\"lazy\" width=\"680\" height=\"383\" src=\"https:\/\/www.youtube.com\/embed\/FniBlS7zpIc?feature=oembed\" frameborder=\"0\" allow=\"autoplay; encrypted-media\" allowfullscreen><\/iframe><\/p>","protected":false},"excerpt":{"rendered":"<p>Following on from La grande \u00e9pop\u00e9e des jeux vid\u00e9o on the Mangas channel, the MO5.COM association will be making an appearance tomorrow in the new programme Visites priv\u00e9es broadcast on France 2. Presented by St\u00e9phane Bern, this daily programme takes a behind-the-scenes look at our heritage and its institutions, and the episode entitled \"La V\u00e9ritable Histoire du jeu vid\u00e9o\" (The True Story of Video Games) will focus on a part of our heritage that is little known to the general public, namely microcomputing and video games. Part of the programme was recorded on our premises in Arcueil in the presence of several of our members but, as usual, we were unable to view the report in advance and unfortunately we have little control over what is presented or cut in the editing... The association is nevertheless very proud to be able to defend the cause of video games and their preservation on a major national channel. The programme will be rebroadcast on Thursday at 4.05am, and will also be available for catch-up viewing for a week on the programme's official website.<\/p>","protected":false},"author":321,"featured_media":6333,"comment_status":"closed","ping_status":"closed","sticky":false,"template":"","format":"standard","meta":{"_acf_changed":false,"give_campaign_id":0,"footnotes":""},"categories":[114,599],"tags":[600,174,602,80,601],"class_list":["post-6332","post","type-post","status-publish","format-standard","has-post-thumbnail","hentry","category-actualite","category-medias","tag-france2","tag-retrogaming","tag-stephane-bern","tag-television","tag-visites-privees"],"acf":[],"yoast_head":"<!-- This site is optimized with the Yoast SEO plugin v27.4 - https:\/\/yoast.com\/product\/yoast-seo-wordpress\/ -->\n<title>MO5.COM dans Visites priv\u00e9es sur France 2 - MO5.COM<\/title>\n<meta name=\"robots\" content=\"index, follow, max-snippet:-1, max-image-preview:large, max-video-preview:-1\" \/>\n<link rel=\"canonical\" href=\"https:\/\/mo5.com\/en\/mo5-com-visites-privees-france-2\/\" \/>\n<meta property=\"og:locale\" content=\"en_GB\" \/>\n<meta property=\"og:type\" content=\"article\" \/>\n<meta property=\"og:title\" content=\"MO5.COM dans Visites priv\u00e9es sur France 2 - MO5.COM\" \/>\n<meta property=\"og:description\" content=\"Apr\u00e8s\u00a0La grande \u00e9pop\u00e9e des jeux vid\u00e9o\u00a0sur la cha\u00eene\u00a0Mangas, l\u2019association\u00a0MO5.COM\u00a0fera son apparition demain dans la nouvelle \u00e9mission\u00a0Visites priv\u00e9es\u00a0diffus\u00e9e sur\u00a0France 2. Pr\u00e9sent\u00e9 par\u00a0St\u00e9phane Bern, ce rendez-vous quotidien d\u00e9voile les coulisses du patrimoine et de ses institutions, et le num\u00e9ro intitul\u00e9 \u00ab\u00a0La V\u00e9ritable Histoire du jeu vid\u00e9o\u00a0\u00bb \u00e9voquera donc un pan de notre patrimoine m\u00e9connu du grand public, que constituent la micro-informatique et le jeu vid\u00e9o. Une partie de l\u2019\u00e9mission a donc \u00e9t\u00e9 enregistr\u00e9e dans nos locaux \u00e0 Arcueil en pr\u00e9sence de plusieurs de nos membres mais, comme d\u2019habitude, rappelons que nous n\u2019avons pas pu visionner le reportage \u00e0 l\u2019avance et que nous n\u2019avons h\u00e9las que peu de contr\u00f4le sur ce qui sera pr\u00e9sent\u00e9 ou coup\u00e9 au montage\u2026 L\u2019association est toutefois tr\u00e8s fi\u00e8re de pouvoir d\u00e9fendre la cause du jeu vid\u00e9o et de sa sauvegarde sur une grande cha\u00eene nationale. \u00c0 noter que l\u2019\u00e9mission sera rediffus\u00e9e jeudi \u00e0 4h05, et sera aussi disponible en rattrapage pendant une semaine sur\u00a0le site officiel de l\u2019\u00e9mission.\" \/>\n<meta property=\"og:url\" content=\"https:\/\/mo5.com\/en\/mo5-com-visites-privees-france-2\/\" \/>\n<meta property=\"og:site_name\" content=\"MO5.COM\" \/>\n<meta property=\"article:publisher\" content=\"https:\/\/www.facebook.com\/pages\/Association-MO5COM\/9540357570\" \/>\n<meta property=\"article:published_time\" content=\"2016-10-11T14:56:45+00:00\" \/>\n<meta property=\"article:modified_time\" content=\"2019-03-11T08:43:44+00:00\" \/>\n<meta property=\"og:image\" content=\"https:\/\/mo5.com\/wp-content\/uploads\/2018\/03\/visites-privees-france-2.jpg\" \/>\n\t<meta property=\"og:image:width\" content=\"600\" \/>\n\t<meta property=\"og:image:height\" content=\"338\" \/>\n\t<meta property=\"og:image:type\" content=\"image\/jpeg\" \/>\n<meta name=\"author\" content=\"Vanessa Lambert\" \/>\n<meta name=\"twitter:card\" content=\"summary_large_image\" \/>\n<meta name=\"twitter:creator\" content=\"@assomo5\" \/>\n<meta name=\"twitter:site\" content=\"@assomo5\" \/>\n<meta name=\"twitter:label1\" content=\"Written by\" \/>\n\t<meta name=\"twitter:data1\" content=\"Vanessa Lambert\" \/>\n\t<meta name=\"twitter:label2\" content=\"Estimated reading time\" \/>\n\t<meta name=\"twitter:data2\" content=\"1 minute\" \/>\n<script type=\"application\/ld+json\" class=\"yoast-schema-graph\">{\"@context\":\"https:\\\/\\\/schema.org\",\"@graph\":[{\"@type\":\"Article\",\"@id\":\"https:\\\/\\\/mo5.com\\\/mo5-com-visites-privees-france-2\\\/#article\",\"isPartOf\":{\"@id\":\"https:\\\/\\\/mo5.com\\\/mo5-com-visites-privees-france-2\\\/\"},\"author\":{\"name\":\"Vanessa Lambert\",\"@id\":\"https:\\\/\\\/mo5.com\\\/#\\\/schema\\\/person\\\/699d40c98de376ea5f90a0e0c8fbbe03\"},\"headline\":\"MO5.COM dans Visites priv\u00e9es sur France 2\",\"datePublished\":\"2016-10-11T14:56:45+00:00\",\"dateModified\":\"2019-03-11T08:43:44+00:00\",\"mainEntityOfPage\":{\"@id\":\"https:\\\/\\\/mo5.com\\\/mo5-com-visites-privees-france-2\\\/\"},\"wordCount\":213,\"publisher\":{\"@id\":\"https:\\\/\\\/mo5.com\\\/#organization\"},\"image\":{\"@id\":\"https:\\\/\\\/mo5.com\\\/mo5-com-visites-privees-france-2\\\/#primaryimage\"},\"thumbnailUrl\":\"https:\\\/\\\/mo5.com\\\/wp-content\\\/uploads\\\/2018\\\/03\\\/visites-privees-france-2.jpg\",\"keywords\":[\"france2\",\"retrogaming\",\"st\u00e9phane bern\",\"television\",\"visites priv\u00e9es\"],\"articleSection\":[\"Actualit\u00e9\",\"M\u00e9dias\"],\"inLanguage\":\"en-GB\"},{\"@type\":\"WebPage\",\"@id\":\"https:\\\/\\\/mo5.com\\\/mo5-com-visites-privees-france-2\\\/\",\"url\":\"https:\\\/\\\/mo5.com\\\/mo5-com-visites-privees-france-2\\\/\",\"name\":\"MO5.COM dans Visites priv\u00e9es sur France 2 - MO5.COM\",\"isPartOf\":{\"@id\":\"https:\\\/\\\/mo5.com\\\/#website\"},\"primaryImageOfPage\":{\"@id\":\"https:\\\/\\\/mo5.com\\\/mo5-com-visites-privees-france-2\\\/#primaryimage\"},\"image\":{\"@id\":\"https:\\\/\\\/mo5.com\\\/mo5-com-visites-privees-france-2\\\/#primaryimage\"},\"thumbnailUrl\":\"https:\\\/\\\/mo5.com\\\/wp-content\\\/uploads\\\/2018\\\/03\\\/visites-privees-france-2.jpg\",\"datePublished\":\"2016-10-11T14:56:45+00:00\",\"dateModified\":\"2019-03-11T08:43:44+00:00\",\"breadcrumb\":{\"@id\":\"https:\\\/\\\/mo5.com\\\/mo5-com-visites-privees-france-2\\\/#breadcrumb\"},\"inLanguage\":\"en-GB\",\"potentialAction\":[{\"@type\":\"ReadAction\",\"target\":[\"https:\\\/\\\/mo5.com\\\/mo5-com-visites-privees-france-2\\\/\"]}]},{\"@type\":\"ImageObject\",\"inLanguage\":\"en-GB\",\"@id\":\"https:\\\/\\\/mo5.com\\\/mo5-com-visites-privees-france-2\\\/#primaryimage\",\"url\":\"https:\\\/\\\/mo5.com\\\/wp-content\\\/uploads\\\/2018\\\/03\\\/visites-privees-france-2.jpg\",\"contentUrl\":\"https:\\\/\\\/mo5.com\\\/wp-content\\\/uploads\\\/2018\\\/03\\\/visites-privees-france-2.jpg\",\"width\":1440,\"height\":811},{\"@type\":\"BreadcrumbList\",\"@id\":\"https:\\\/\\\/mo5.com\\\/mo5-com-visites-privees-france-2\\\/#breadcrumb\",\"itemListElement\":[{\"@type\":\"ListItem\",\"position\":1,\"name\":\"Accueil\",\"item\":\"https:\\\/\\\/mo5.com\\\/\"},{\"@type\":\"ListItem\",\"position\":2,\"name\":\"MO5.COM dans Visites priv\u00e9es sur France 2\"}]},{\"@type\":\"WebSite\",\"@id\":\"https:\\\/\\\/mo5.com\\\/#website\",\"url\":\"https:\\\/\\\/mo5.com\\\/\",\"name\":\"MO5.COM\",\"description\":\"Pr\u00e9server, explorer, rejouer\",\"publisher\":{\"@id\":\"https:\\\/\\\/mo5.com\\\/#organization\"},\"potentialAction\":[{\"@type\":\"SearchAction\",\"target\":{\"@type\":\"EntryPoint\",\"urlTemplate\":\"https:\\\/\\\/mo5.com\\\/?s={search_term_string}\"},\"query-input\":{\"@type\":\"PropertyValueSpecification\",\"valueRequired\":true,\"valueName\":\"search_term_string\"}}],\"inLanguage\":\"en-GB\"},{\"@type\":\"Organization\",\"@id\":\"https:\\\/\\\/mo5.com\\\/#organization\",\"name\":\"Association MO5.COM\",\"url\":\"https:\\\/\\\/mo5.com\\\/\",\"logo\":{\"@type\":\"ImageObject\",\"inLanguage\":\"en-GB\",\"@id\":\"https:\\\/\\\/mo5.com\\\/#\\\/schema\\\/logo\\\/image\\\/\",\"url\":\"https:\\\/\\\/mo5.com\\\/wp-content\\\/uploads\\\/2023\\\/10\\\/Logo_MO5_A_Colo_Texte_Bleu-e1697059504554.png\",\"contentUrl\":\"https:\\\/\\\/mo5.com\\\/wp-content\\\/uploads\\\/2023\\\/10\\\/Logo_MO5_A_Colo_Texte_Bleu-e1697059504554.png\",\"width\":2094,\"height\":559,\"caption\":\"Association MO5.COM\"},\"image\":{\"@id\":\"https:\\\/\\\/mo5.com\\\/#\\\/schema\\\/logo\\\/image\\\/\"},\"sameAs\":[\"https:\\\/\\\/www.facebook.com\\\/pages\\\/Association-MO5COM\\\/9540357570\",\"https:\\\/\\\/x.com\\\/assomo5\",\"http:\\\/\\\/www.instagram.com\\\/assomo5\",\"https:\\\/\\\/www.youtube.com\\\/channel\\\/UCRncMsBo89C9u_8gpWnsOVw\\\/featured\",\"https:\\\/\\\/bsky.app\\\/profile\\\/assomo5.bsky.social\",\"https:\\\/\\\/twitch.tv\\\/mo5assoretro\"]},{\"@type\":\"Person\",\"@id\":\"https:\\\/\\\/mo5.com\\\/#\\\/schema\\\/person\\\/699d40c98de376ea5f90a0e0c8fbbe03\",\"name\":\"Vanessa Lambert\",\"image\":{\"@type\":\"ImageObject\",\"inLanguage\":\"en-GB\",\"@id\":\"https:\\\/\\\/secure.gravatar.com\\\/avatar\\\/9ece66626ce44c3cf1f4e5c76c7b3de985616d63290d11f0309252f3c0f4108d?s=96&d=mm&r=g\",\"url\":\"https:\\\/\\\/secure.gravatar.com\\\/avatar\\\/9ece66626ce44c3cf1f4e5c76c7b3de985616d63290d11f0309252f3c0f4108d?s=96&d=mm&r=g\",\"contentUrl\":\"https:\\\/\\\/secure.gravatar.com\\\/avatar\\\/9ece66626ce44c3cf1f4e5c76c7b3de985616d63290d11f0309252f3c0f4108d?s=96&d=mm&r=g\",\"caption\":\"Vanessa Lambert\"},\"url\":\"https:\\\/\\\/mo5.com\\\/en\\\/author\\\/vanessa\\\/\"}]}<\/script>\n<!-- \/ Yoast SEO plugin. -->","yoast_head_json":{"title":"MO5.COM in Visites priv\u00e9es on France 2 - MO5.COM","robots":{"index":"index","follow":"follow","max-snippet":"max-snippet:-1","max-image-preview":"max-image-preview:large","max-video-preview":"max-video-preview:-1"},"canonical":"https:\/\/mo5.com\/en\/mo5-com-visites-privees-france-2\/","og_locale":"en_GB","og_type":"article","og_title":"MO5.COM dans Visites priv\u00e9es sur France 2 - MO5.COM","og_description":"Apr\u00e8s\u00a0La grande \u00e9pop\u00e9e des jeux vid\u00e9o\u00a0sur la cha\u00eene\u00a0Mangas, l\u2019association\u00a0MO5.COM\u00a0fera son apparition demain dans la nouvelle \u00e9mission\u00a0Visites priv\u00e9es\u00a0diffus\u00e9e sur\u00a0France 2. Pr\u00e9sent\u00e9 par\u00a0St\u00e9phane Bern, ce rendez-vous quotidien d\u00e9voile les coulisses du patrimoine et de ses institutions, et le num\u00e9ro intitul\u00e9 \u00ab\u00a0La V\u00e9ritable Histoire du jeu vid\u00e9o\u00a0\u00bb \u00e9voquera donc un pan de notre patrimoine m\u00e9connu du grand public, que constituent la micro-informatique et le jeu vid\u00e9o. Une partie de l\u2019\u00e9mission a donc \u00e9t\u00e9 enregistr\u00e9e dans nos locaux \u00e0 Arcueil en pr\u00e9sence de plusieurs de nos membres mais, comme d\u2019habitude, rappelons que nous n\u2019avons pas pu visionner le reportage \u00e0 l\u2019avance et que nous n\u2019avons h\u00e9las que peu de contr\u00f4le sur ce qui sera pr\u00e9sent\u00e9 ou coup\u00e9 au montage\u2026 L\u2019association est toutefois tr\u00e8s fi\u00e8re de pouvoir d\u00e9fendre la cause du jeu vid\u00e9o et de sa sauvegarde sur une grande cha\u00eene nationale. \u00c0 noter que l\u2019\u00e9mission sera rediffus\u00e9e jeudi \u00e0 4h05, et sera aussi disponible en rattrapage pendant une semaine sur\u00a0le site officiel de l\u2019\u00e9mission.","og_url":"https:\/\/mo5.com\/en\/mo5-com-visites-privees-france-2\/","og_site_name":"MO5.COM","article_publisher":"https:\/\/www.facebook.com\/pages\/Association-MO5COM\/9540357570","article_published_time":"2016-10-11T14:56:45+00:00","article_modified_time":"2019-03-11T08:43:44+00:00","og_image":[{"width":600,"height":338,"url":"https:\/\/mo5.com\/wp-content\/uploads\/2018\/03\/visites-privees-france-2.jpg","type":"image\/jpeg"}],"author":"Vanessa Lambert","twitter_card":"summary_large_image","twitter_creator":"@assomo5","twitter_site":"@assomo5","twitter_misc":{"Written by":"Vanessa Lambert","Estimated reading time":"1 minute"},"schema":{"@context":"https:\/\/schema.org","@graph":[{"@type":"Article","@id":"https:\/\/mo5.com\/mo5-com-visites-privees-france-2\/#article","isPartOf":{"@id":"https:\/\/mo5.com\/mo5-com-visites-privees-france-2\/"},"author":{"name":"Vanessa Lambert","@id":"https:\/\/mo5.com\/#\/schema\/person\/699d40c98de376ea5f90a0e0c8fbbe03"},"headline":"MO5.COM dans Visites priv\u00e9es sur France 2","datePublished":"2016-10-11T14:56:45+00:00","dateModified":"2019-03-11T08:43:44+00:00","mainEntityOfPage":{"@id":"https:\/\/mo5.com\/mo5-com-visites-privees-france-2\/"},"wordCount":213,"publisher":{"@id":"https:\/\/mo5.com\/#organization"},"image":{"@id":"https:\/\/mo5.com\/mo5-com-visites-privees-france-2\/#primaryimage"},"thumbnailUrl":"https:\/\/mo5.com\/wp-content\/uploads\/2018\/03\/visites-privees-france-2.jpg","keywords":["france2","retrogaming","st\u00e9phane bern","television","visites priv\u00e9es"],"articleSection":["Actualit\u00e9","M\u00e9dias"],"inLanguage":"en-GB"},{"@type":"WebPage","@id":"https:\/\/mo5.com\/mo5-com-visites-privees-france-2\/","url":"https:\/\/mo5.com\/mo5-com-visites-privees-france-2\/","name":"MO5.COM in Visites priv\u00e9es on France 2 - MO5.COM","isPartOf":{"@id":"https:\/\/mo5.com\/#website"},"primaryImageOfPage":{"@id":"https:\/\/mo5.com\/mo5-com-visites-privees-france-2\/#primaryimage"},"image":{"@id":"https:\/\/mo5.com\/mo5-com-visites-privees-france-2\/#primaryimage"},"thumbnailUrl":"https:\/\/mo5.com\/wp-content\/uploads\/2018\/03\/visites-privees-france-2.jpg","datePublished":"2016-10-11T14:56:45+00:00","dateModified":"2019-03-11T08:43:44+00:00","breadcrumb":{"@id":"https:\/\/mo5.com\/mo5-com-visites-privees-france-2\/#breadcrumb"},"inLanguage":"en-GB","potentialAction":[{"@type":"ReadAction","target":["https:\/\/mo5.com\/mo5-com-visites-privees-france-2\/"]}]},{"@type":"ImageObject","inLanguage":"en-GB","@id":"https:\/\/mo5.com\/mo5-com-visites-privees-france-2\/#primaryimage","url":"https:\/\/mo5.com\/wp-content\/uploads\/2018\/03\/visites-privees-france-2.jpg","contentUrl":"https:\/\/mo5.com\/wp-content\/uploads\/2018\/03\/visites-privees-france-2.jpg","width":1440,"height":811},{"@type":"BreadcrumbList","@id":"https:\/\/mo5.com\/mo5-com-visites-privees-france-2\/#breadcrumb","itemListElement":[{"@type":"ListItem","position":1,"name":"Accueil","item":"https:\/\/mo5.com\/"},{"@type":"ListItem","position":2,"name":"MO5.COM dans Visites priv\u00e9es sur France 2"}]},{"@type":"WebSite","@id":"https:\/\/mo5.com\/#website","url":"https:\/\/mo5.com\/","name":"MO5.COM","description":"Preserve, explore, replay","publisher":{"@id":"https:\/\/mo5.com\/#organization"},"potentialAction":[{"@type":"SearchAction","target":{"@type":"EntryPoint","urlTemplate":"https:\/\/mo5.com\/?s={search_term_string}"},"query-input":{"@type":"PropertyValueSpecification","valueRequired":true,"valueName":"search_term_string"}}],"inLanguage":"en-GB"},{"@type":"Organization","@id":"https:\/\/mo5.com\/#organization","name":"MO5.COM Association","url":"https:\/\/mo5.com\/","logo":{"@type":"ImageObject","inLanguage":"en-GB","@id":"https:\/\/mo5.com\/#\/schema\/logo\/image\/","url":"https:\/\/mo5.com\/wp-content\/uploads\/2023\/10\/Logo_MO5_A_Colo_Texte_Bleu-e1697059504554.png","contentUrl":"https:\/\/mo5.com\/wp-content\/uploads\/2023\/10\/Logo_MO5_A_Colo_Texte_Bleu-e1697059504554.png","width":2094,"height":559,"caption":"Association MO5.COM"},"image":{"@id":"https:\/\/mo5.com\/#\/schema\/logo\/image\/"},"sameAs":["https:\/\/www.facebook.com\/pages\/Association-MO5COM\/9540357570","https:\/\/x.com\/assomo5","http:\/\/www.instagram.com\/assomo5","https:\/\/www.youtube.com\/channel\/UCRncMsBo89C9u_8gpWnsOVw\/featured","https:\/\/bsky.app\/profile\/assomo5.bsky.social","https:\/\/twitch.tv\/mo5assoretro"]},{"@type":"Person","@id":"https:\/\/mo5.com\/#\/schema\/person\/699d40c98de376ea5f90a0e0c8fbbe03","name":"Vanessa Lambert","image":{"@type":"ImageObject","inLanguage":"en-GB","@id":"https:\/\/secure.gravatar.com\/avatar\/9ece66626ce44c3cf1f4e5c76c7b3de985616d63290d11f0309252f3c0f4108d?s=96&d=mm&r=g","url":"https:\/\/secure.gravatar.com\/avatar\/9ece66626ce44c3cf1f4e5c76c7b3de985616d63290d11f0309252f3c0f4108d?s=96&d=mm&r=g","contentUrl":"https:\/\/secure.gravatar.com\/avatar\/9ece66626ce44c3cf1f4e5c76c7b3de985616d63290d11f0309252f3c0f4108d?s=96&d=mm&r=g","caption":"Vanessa Lambert"},"url":"https:\/\/mo5.com\/en\/author\/vanessa\/"}]}},"_links":{"self":[{"href":"https:\/\/mo5.com\/en\/wp-json\/wp\/v2\/posts\/6332","targetHints":{"allow":["GET"]}}],"collection":[{"href":"https:\/\/mo5.com\/en\/wp-json\/wp\/v2\/posts"}],"about":[{"href":"https:\/\/mo5.com\/en\/wp-json\/wp\/v2\/types\/post"}],"author":[{"embeddable":true,"href":"https:\/\/mo5.com\/en\/wp-json\/wp\/v2\/users\/321"}],"replies":[{"embeddable":true,"href":"https:\/\/mo5.com\/en\/wp-json\/wp\/v2\/comments?post=6332"}],"version-history":[{"count":0,"href":"https:\/\/mo5.com\/en\/wp-json\/wp\/v2\/posts\/6332\/revisions"}],"wp:featuredmedia":[{"embeddable":true,"href":"https:\/\/mo5.com\/en\/wp-json\/wp\/v2\/media\/6333"}],"wp:attachment":[{"href":"https:\/\/mo5.com\/en\/wp-json\/wp\/v2\/media?parent=6332"}],"wp:term":[{"taxonomy":"category","embeddable":true,"href":"https:\/\/mo5.com\/en\/wp-json\/wp\/v2\/categories?post=6332"},{"taxonomy":"post_tag","embeddable":true,"href":"https:\/\/mo5.com\/en\/wp-json\/wp\/v2\/tags?post=6332"}],"curies":[{"name":"wp","href":"https:\/\/api.w.org\/{rel}","templated":true}]}}