{"id":7680,"date":"2018-11-13T13:22:25","date_gmt":"2018-11-13T12:22:25","guid":{"rendered":"https:\/\/mo5.fr\/?p=7680"},"modified":"2019-03-11T09:40:30","modified_gmt":"2019-03-11T08:40:30","slug":"archives-reportage-de-europe-2-tv-sur-lassociation","status":"publish","type":"post","link":"https:\/\/mo5.com\/en\/archives-reportage-de-europe-2-tv-sur-lassociation\/","title":{"rendered":"Archives: Europe 2 TV report on the association"},"content":{"rendered":"<p>Do you remember Europe 2 TV? No ? That's normal, because it only broadcast under that name from 2005 to 2008, before being renamed Virgin 17.<\/p>\n<p>That said, she interviewed our Chairman Philippe Dubois on 11 February 2007, and we can see just how far we've come in 10 years in terms of developing the collections!<\/p>\n<p><iframe loading=\"lazy\" width=\"680\" height=\"510\" src=\"https:\/\/www.youtube.com\/embed\/9UYttYqZV6A?feature=oembed\" frameborder=\"0\" allow=\"accelerometer; autoplay; encrypted-media; gyroscope; picture-in-picture\" allowfullscreen><\/iframe><\/p>\n<p>&nbsp;<\/p>","protected":false},"excerpt":{"rendered":"<p>Do you remember Europe 2 TV? No ? That's normal, since it only broadcast under that name from 2005 to 2008, before being renamed Virgin 17. That said, it interviewed our Chairman Philippe Dubois on 11 February 2007, so you can see just how far we've come in 10 years in terms of developing our collections! &nbsp;<\/p>","protected":false},"author":321,"featured_media":7681,"comment_status":"closed","ping_status":"closed","sticky":false,"template":"","format":"standard","meta":{"_acf_changed":false,"give_campaign_id":0,"footnotes":""},"categories":[599],"tags":[812,811,808,174],"class_list":["post-7680","post","type-post","status-publish","format-standard","has-post-thumbnail","hentry","category-medias","tag-archives","tag-europe-2-tv","tag-reportage","tag-retrogaming"],"acf":[],"yoast_head":"<!-- This site is optimized with the Yoast SEO plugin v27.4 - https:\/\/yoast.com\/product\/yoast-seo-wordpress\/ -->\n<title>Archives : Reportage de Europe 2 TV sur l&#039;association - MO5.COM<\/title>\n<meta name=\"robots\" content=\"index, follow, max-snippet:-1, max-image-preview:large, max-video-preview:-1\" \/>\n<link rel=\"canonical\" href=\"https:\/\/mo5.com\/en\/archives-reportage-de-europe-2-tv-sur-lassociation\/\" \/>\n<meta property=\"og:locale\" content=\"en_GB\" \/>\n<meta property=\"og:type\" content=\"article\" \/>\n<meta property=\"og:title\" content=\"Archives : Reportage de Europe 2 TV sur l&#039;association - MO5.COM\" \/>\n<meta property=\"og:description\" content=\"Vous vous souvenez de la cha\u00eene Europe 2 TV ? Non ? C&#8217;est normal, puisqu&#8217;elle n&#8217;a \u00e9mis sous ce nom que de 2005 \u00e0 2008, avant d&#8217;\u00eatre renomm\u00e9e Virgin 17. Ceci dit, elle avait interrog\u00e9 notre pr\u00e9sident Philippe Dubois le 11 F\u00e9vrier 2007 ; on peut constater le chemin parcouru en 10 ans en termes d&#8217;am\u00e9nagement des collections ! &nbsp;\" \/>\n<meta property=\"og:url\" content=\"https:\/\/mo5.com\/en\/archives-reportage-de-europe-2-tv-sur-lassociation\/\" \/>\n<meta property=\"og:site_name\" content=\"MO5.COM\" \/>\n<meta property=\"article:publisher\" content=\"https:\/\/www.facebook.com\/pages\/Association-MO5COM\/9540357570\" \/>\n<meta property=\"article:published_time\" content=\"2018-11-13T12:22:25+00:00\" \/>\n<meta property=\"article:modified_time\" content=\"2019-03-11T08:40:30+00:00\" \/>\n<meta property=\"og:image\" content=\"https:\/\/mo5.com\/wp-content\/uploads\/2018\/11\/europe2tv.png\" \/>\n\t<meta property=\"og:image:width\" content=\"865\" \/>\n\t<meta property=\"og:image:height\" content=\"607\" \/>\n\t<meta property=\"og:image:type\" content=\"image\/png\" \/>\n<meta name=\"author\" content=\"Vanessa Lambert\" \/>\n<meta name=\"twitter:card\" content=\"summary_large_image\" \/>\n<meta name=\"twitter:creator\" content=\"@assomo5\" \/>\n<meta name=\"twitter:site\" content=\"@assomo5\" \/>\n<meta name=\"twitter:label1\" content=\"Written by\" \/>\n\t<meta name=\"twitter:data1\" content=\"Vanessa Lambert\" \/>\n<script type=\"application\/ld+json\" class=\"yoast-schema-graph\">{\"@context\":\"https:\\\/\\\/schema.org\",\"@graph\":[{\"@type\":\"Article\",\"@id\":\"https:\\\/\\\/mo5.com\\\/archives-reportage-de-europe-2-tv-sur-lassociation\\\/#article\",\"isPartOf\":{\"@id\":\"https:\\\/\\\/mo5.com\\\/archives-reportage-de-europe-2-tv-sur-lassociation\\\/\"},\"author\":{\"name\":\"Vanessa Lambert\",\"@id\":\"https:\\\/\\\/mo5.com\\\/#\\\/schema\\\/person\\\/699d40c98de376ea5f90a0e0c8fbbe03\"},\"headline\":\"Archives : Reportage de Europe 2 TV sur l&#8217;association\",\"datePublished\":\"2018-11-13T12:22:25+00:00\",\"dateModified\":\"2019-03-11T08:40:30+00:00\",\"mainEntityOfPage\":{\"@id\":\"https:\\\/\\\/mo5.com\\\/archives-reportage-de-europe-2-tv-sur-lassociation\\\/\"},\"wordCount\":76,\"publisher\":{\"@id\":\"https:\\\/\\\/mo5.com\\\/#organization\"},\"image\":{\"@id\":\"https:\\\/\\\/mo5.com\\\/archives-reportage-de-europe-2-tv-sur-lassociation\\\/#primaryimage\"},\"thumbnailUrl\":\"https:\\\/\\\/mo5.com\\\/wp-content\\\/uploads\\\/2018\\\/11\\\/europe2tv.png\",\"keywords\":[\"archives\",\"europe 2 tv\",\"reportage\",\"retrogaming\"],\"articleSection\":[\"M\u00e9dias\"],\"inLanguage\":\"en-GB\"},{\"@type\":\"WebPage\",\"@id\":\"https:\\\/\\\/mo5.com\\\/archives-reportage-de-europe-2-tv-sur-lassociation\\\/\",\"url\":\"https:\\\/\\\/mo5.com\\\/archives-reportage-de-europe-2-tv-sur-lassociation\\\/\",\"name\":\"Archives : Reportage de Europe 2 TV sur l'association - MO5.COM\",\"isPartOf\":{\"@id\":\"https:\\\/\\\/mo5.com\\\/#website\"},\"primaryImageOfPage\":{\"@id\":\"https:\\\/\\\/mo5.com\\\/archives-reportage-de-europe-2-tv-sur-lassociation\\\/#primaryimage\"},\"image\":{\"@id\":\"https:\\\/\\\/mo5.com\\\/archives-reportage-de-europe-2-tv-sur-lassociation\\\/#primaryimage\"},\"thumbnailUrl\":\"https:\\\/\\\/mo5.com\\\/wp-content\\\/uploads\\\/2018\\\/11\\\/europe2tv.png\",\"datePublished\":\"2018-11-13T12:22:25+00:00\",\"dateModified\":\"2019-03-11T08:40:30+00:00\",\"breadcrumb\":{\"@id\":\"https:\\\/\\\/mo5.com\\\/archives-reportage-de-europe-2-tv-sur-lassociation\\\/#breadcrumb\"},\"inLanguage\":\"en-GB\",\"potentialAction\":[{\"@type\":\"ReadAction\",\"target\":[\"https:\\\/\\\/mo5.com\\\/archives-reportage-de-europe-2-tv-sur-lassociation\\\/\"]}]},{\"@type\":\"ImageObject\",\"inLanguage\":\"en-GB\",\"@id\":\"https:\\\/\\\/mo5.com\\\/archives-reportage-de-europe-2-tv-sur-lassociation\\\/#primaryimage\",\"url\":\"https:\\\/\\\/mo5.com\\\/wp-content\\\/uploads\\\/2018\\\/11\\\/europe2tv.png\",\"contentUrl\":\"https:\\\/\\\/mo5.com\\\/wp-content\\\/uploads\\\/2018\\\/11\\\/europe2tv.png\",\"width\":865,\"height\":607},{\"@type\":\"BreadcrumbList\",\"@id\":\"https:\\\/\\\/mo5.com\\\/archives-reportage-de-europe-2-tv-sur-lassociation\\\/#breadcrumb\",\"itemListElement\":[{\"@type\":\"ListItem\",\"position\":1,\"name\":\"Accueil\",\"item\":\"https:\\\/\\\/mo5.com\\\/\"},{\"@type\":\"ListItem\",\"position\":2,\"name\":\"Archives : Reportage de Europe 2 TV sur l&#8217;association\"}]},{\"@type\":\"WebSite\",\"@id\":\"https:\\\/\\\/mo5.com\\\/#website\",\"url\":\"https:\\\/\\\/mo5.com\\\/\",\"name\":\"MO5.COM\",\"description\":\"Pr\u00e9server, explorer, rejouer\",\"publisher\":{\"@id\":\"https:\\\/\\\/mo5.com\\\/#organization\"},\"potentialAction\":[{\"@type\":\"SearchAction\",\"target\":{\"@type\":\"EntryPoint\",\"urlTemplate\":\"https:\\\/\\\/mo5.com\\\/?s={search_term_string}\"},\"query-input\":{\"@type\":\"PropertyValueSpecification\",\"valueRequired\":true,\"valueName\":\"search_term_string\"}}],\"inLanguage\":\"en-GB\"},{\"@type\":\"Organization\",\"@id\":\"https:\\\/\\\/mo5.com\\\/#organization\",\"name\":\"Association MO5.COM\",\"url\":\"https:\\\/\\\/mo5.com\\\/\",\"logo\":{\"@type\":\"ImageObject\",\"inLanguage\":\"en-GB\",\"@id\":\"https:\\\/\\\/mo5.com\\\/#\\\/schema\\\/logo\\\/image\\\/\",\"url\":\"https:\\\/\\\/mo5.com\\\/wp-content\\\/uploads\\\/2023\\\/10\\\/Logo_MO5_A_Colo_Texte_Bleu-e1697059504554.png\",\"contentUrl\":\"https:\\\/\\\/mo5.com\\\/wp-content\\\/uploads\\\/2023\\\/10\\\/Logo_MO5_A_Colo_Texte_Bleu-e1697059504554.png\",\"width\":2094,\"height\":559,\"caption\":\"Association MO5.COM\"},\"image\":{\"@id\":\"https:\\\/\\\/mo5.com\\\/#\\\/schema\\\/logo\\\/image\\\/\"},\"sameAs\":[\"https:\\\/\\\/www.facebook.com\\\/pages\\\/Association-MO5COM\\\/9540357570\",\"https:\\\/\\\/x.com\\\/assomo5\",\"http:\\\/\\\/www.instagram.com\\\/assomo5\",\"https:\\\/\\\/www.youtube.com\\\/channel\\\/UCRncMsBo89C9u_8gpWnsOVw\\\/featured\",\"https:\\\/\\\/bsky.app\\\/profile\\\/assomo5.bsky.social\",\"https:\\\/\\\/twitch.tv\\\/mo5assoretro\"]},{\"@type\":\"Person\",\"@id\":\"https:\\\/\\\/mo5.com\\\/#\\\/schema\\\/person\\\/699d40c98de376ea5f90a0e0c8fbbe03\",\"name\":\"Vanessa Lambert\",\"image\":{\"@type\":\"ImageObject\",\"inLanguage\":\"en-GB\",\"@id\":\"https:\\\/\\\/secure.gravatar.com\\\/avatar\\\/9ece66626ce44c3cf1f4e5c76c7b3de985616d63290d11f0309252f3c0f4108d?s=96&d=mm&r=g\",\"url\":\"https:\\\/\\\/secure.gravatar.com\\\/avatar\\\/9ece66626ce44c3cf1f4e5c76c7b3de985616d63290d11f0309252f3c0f4108d?s=96&d=mm&r=g\",\"contentUrl\":\"https:\\\/\\\/secure.gravatar.com\\\/avatar\\\/9ece66626ce44c3cf1f4e5c76c7b3de985616d63290d11f0309252f3c0f4108d?s=96&d=mm&r=g\",\"caption\":\"Vanessa Lambert\"},\"url\":\"https:\\\/\\\/mo5.com\\\/en\\\/author\\\/vanessa\\\/\"}]}<\/script>\n<!-- \/ Yoast SEO plugin. -->","yoast_head_json":{"title":"Archives: Europe 2 TV report on the association - MO5.COM","robots":{"index":"index","follow":"follow","max-snippet":"max-snippet:-1","max-image-preview":"max-image-preview:large","max-video-preview":"max-video-preview:-1"},"canonical":"https:\/\/mo5.com\/en\/archives-reportage-de-europe-2-tv-sur-lassociation\/","og_locale":"en_GB","og_type":"article","og_title":"Archives : Reportage de Europe 2 TV sur l'association - MO5.COM","og_description":"Vous vous souvenez de la cha\u00eene Europe 2 TV ? Non ? C&#8217;est normal, puisqu&#8217;elle n&#8217;a \u00e9mis sous ce nom que de 2005 \u00e0 2008, avant d&#8217;\u00eatre renomm\u00e9e Virgin 17. Ceci dit, elle avait interrog\u00e9 notre pr\u00e9sident Philippe Dubois le 11 F\u00e9vrier 2007 ; on peut constater le chemin parcouru en 10 ans en termes d&#8217;am\u00e9nagement des collections ! &nbsp;","og_url":"https:\/\/mo5.com\/en\/archives-reportage-de-europe-2-tv-sur-lassociation\/","og_site_name":"MO5.COM","article_publisher":"https:\/\/www.facebook.com\/pages\/Association-MO5COM\/9540357570","article_published_time":"2018-11-13T12:22:25+00:00","article_modified_time":"2019-03-11T08:40:30+00:00","og_image":[{"width":865,"height":607,"url":"https:\/\/mo5.com\/wp-content\/uploads\/2018\/11\/europe2tv.png","type":"image\/png"}],"author":"Vanessa Lambert","twitter_card":"summary_large_image","twitter_creator":"@assomo5","twitter_site":"@assomo5","twitter_misc":{"Written by":"Vanessa Lambert"},"schema":{"@context":"https:\/\/schema.org","@graph":[{"@type":"Article","@id":"https:\/\/mo5.com\/archives-reportage-de-europe-2-tv-sur-lassociation\/#article","isPartOf":{"@id":"https:\/\/mo5.com\/archives-reportage-de-europe-2-tv-sur-lassociation\/"},"author":{"name":"Vanessa Lambert","@id":"https:\/\/mo5.com\/#\/schema\/person\/699d40c98de376ea5f90a0e0c8fbbe03"},"headline":"Archives : Reportage de Europe 2 TV sur l&#8217;association","datePublished":"2018-11-13T12:22:25+00:00","dateModified":"2019-03-11T08:40:30+00:00","mainEntityOfPage":{"@id":"https:\/\/mo5.com\/archives-reportage-de-europe-2-tv-sur-lassociation\/"},"wordCount":76,"publisher":{"@id":"https:\/\/mo5.com\/#organization"},"image":{"@id":"https:\/\/mo5.com\/archives-reportage-de-europe-2-tv-sur-lassociation\/#primaryimage"},"thumbnailUrl":"https:\/\/mo5.com\/wp-content\/uploads\/2018\/11\/europe2tv.png","keywords":["archives","europe 2 tv","reportage","retrogaming"],"articleSection":["M\u00e9dias"],"inLanguage":"en-GB"},{"@type":"WebPage","@id":"https:\/\/mo5.com\/archives-reportage-de-europe-2-tv-sur-lassociation\/","url":"https:\/\/mo5.com\/archives-reportage-de-europe-2-tv-sur-lassociation\/","name":"Archives: Europe 2 TV report on the association - MO5.COM","isPartOf":{"@id":"https:\/\/mo5.com\/#website"},"primaryImageOfPage":{"@id":"https:\/\/mo5.com\/archives-reportage-de-europe-2-tv-sur-lassociation\/#primaryimage"},"image":{"@id":"https:\/\/mo5.com\/archives-reportage-de-europe-2-tv-sur-lassociation\/#primaryimage"},"thumbnailUrl":"https:\/\/mo5.com\/wp-content\/uploads\/2018\/11\/europe2tv.png","datePublished":"2018-11-13T12:22:25+00:00","dateModified":"2019-03-11T08:40:30+00:00","breadcrumb":{"@id":"https:\/\/mo5.com\/archives-reportage-de-europe-2-tv-sur-lassociation\/#breadcrumb"},"inLanguage":"en-GB","potentialAction":[{"@type":"ReadAction","target":["https:\/\/mo5.com\/archives-reportage-de-europe-2-tv-sur-lassociation\/"]}]},{"@type":"ImageObject","inLanguage":"en-GB","@id":"https:\/\/mo5.com\/archives-reportage-de-europe-2-tv-sur-lassociation\/#primaryimage","url":"https:\/\/mo5.com\/wp-content\/uploads\/2018\/11\/europe2tv.png","contentUrl":"https:\/\/mo5.com\/wp-content\/uploads\/2018\/11\/europe2tv.png","width":865,"height":607},{"@type":"BreadcrumbList","@id":"https:\/\/mo5.com\/archives-reportage-de-europe-2-tv-sur-lassociation\/#breadcrumb","itemListElement":[{"@type":"ListItem","position":1,"name":"Accueil","item":"https:\/\/mo5.com\/"},{"@type":"ListItem","position":2,"name":"Archives : Reportage de Europe 2 TV sur l&#8217;association"}]},{"@type":"WebSite","@id":"https:\/\/mo5.com\/#website","url":"https:\/\/mo5.com\/","name":"MO5.COM","description":"Preserve, explore, replay","publisher":{"@id":"https:\/\/mo5.com\/#organization"},"potentialAction":[{"@type":"SearchAction","target":{"@type":"EntryPoint","urlTemplate":"https:\/\/mo5.com\/?s={search_term_string}"},"query-input":{"@type":"PropertyValueSpecification","valueRequired":true,"valueName":"search_term_string"}}],"inLanguage":"en-GB"},{"@type":"Organization","@id":"https:\/\/mo5.com\/#organization","name":"MO5.COM Association","url":"https:\/\/mo5.com\/","logo":{"@type":"ImageObject","inLanguage":"en-GB","@id":"https:\/\/mo5.com\/#\/schema\/logo\/image\/","url":"https:\/\/mo5.com\/wp-content\/uploads\/2023\/10\/Logo_MO5_A_Colo_Texte_Bleu-e1697059504554.png","contentUrl":"https:\/\/mo5.com\/wp-content\/uploads\/2023\/10\/Logo_MO5_A_Colo_Texte_Bleu-e1697059504554.png","width":2094,"height":559,"caption":"Association MO5.COM"},"image":{"@id":"https:\/\/mo5.com\/#\/schema\/logo\/image\/"},"sameAs":["https:\/\/www.facebook.com\/pages\/Association-MO5COM\/9540357570","https:\/\/x.com\/assomo5","http:\/\/www.instagram.com\/assomo5","https:\/\/www.youtube.com\/channel\/UCRncMsBo89C9u_8gpWnsOVw\/featured","https:\/\/bsky.app\/profile\/assomo5.bsky.social","https:\/\/twitch.tv\/mo5assoretro"]},{"@type":"Person","@id":"https:\/\/mo5.com\/#\/schema\/person\/699d40c98de376ea5f90a0e0c8fbbe03","name":"Vanessa Lambert","image":{"@type":"ImageObject","inLanguage":"en-GB","@id":"https:\/\/secure.gravatar.com\/avatar\/9ece66626ce44c3cf1f4e5c76c7b3de985616d63290d11f0309252f3c0f4108d?s=96&d=mm&r=g","url":"https:\/\/secure.gravatar.com\/avatar\/9ece66626ce44c3cf1f4e5c76c7b3de985616d63290d11f0309252f3c0f4108d?s=96&d=mm&r=g","contentUrl":"https:\/\/secure.gravatar.com\/avatar\/9ece66626ce44c3cf1f4e5c76c7b3de985616d63290d11f0309252f3c0f4108d?s=96&d=mm&r=g","caption":"Vanessa Lambert"},"url":"https:\/\/mo5.com\/en\/author\/vanessa\/"}]}},"_links":{"self":[{"href":"https:\/\/mo5.com\/en\/wp-json\/wp\/v2\/posts\/7680","targetHints":{"allow":["GET"]}}],"collection":[{"href":"https:\/\/mo5.com\/en\/wp-json\/wp\/v2\/posts"}],"about":[{"href":"https:\/\/mo5.com\/en\/wp-json\/wp\/v2\/types\/post"}],"author":[{"embeddable":true,"href":"https:\/\/mo5.com\/en\/wp-json\/wp\/v2\/users\/321"}],"replies":[{"embeddable":true,"href":"https:\/\/mo5.com\/en\/wp-json\/wp\/v2\/comments?post=7680"}],"version-history":[{"count":0,"href":"https:\/\/mo5.com\/en\/wp-json\/wp\/v2\/posts\/7680\/revisions"}],"wp:featuredmedia":[{"embeddable":true,"href":"https:\/\/mo5.com\/en\/wp-json\/wp\/v2\/media\/7681"}],"wp:attachment":[{"href":"https:\/\/mo5.com\/en\/wp-json\/wp\/v2\/media?parent=7680"}],"wp:term":[{"taxonomy":"category","embeddable":true,"href":"https:\/\/mo5.com\/en\/wp-json\/wp\/v2\/categories?post=7680"},{"taxonomy":"post_tag","embeddable":true,"href":"https:\/\/mo5.com\/en\/wp-json\/wp\/v2\/tags?post=7680"}],"curies":[{"name":"wp","href":"https:\/\/api.w.org\/{rel}","templated":true}]}}