{"id":18570,"date":"2019-12-27T16:30:00","date_gmt":"2019-12-27T14:30:00","guid":{"rendered":"https:\/\/mo5.com\/mag\/podcasts\/podcast_46.mp3"},"modified":"2019-12-30T12:41:03","modified_gmt":"2019-12-30T10:41:03","slug":"podcast-46-lhistoire-de-gen4","status":"publish","type":"post","link":"https:\/\/mo5.com\/fr\/podcast-46-lhistoire-de-gen4\/","title":{"rendered":"Podcast #46 &#8211; L\u2019Histoire de G\u00e9n\u00e9ration 4"},"content":{"rendered":"<div itemscope itemtype=\"http:\/\/schema.org\/AudioObject\"><meta itemprop=\"name\" content=\"Podcast #46 &amp;#8211; L\u2019Histoire de G\u00e9n\u00e9ration 4\" \/><meta itemprop=\"uploadDate\" content=\"2019-12-27T16:30:00+02:00\" \/><meta itemprop=\"encodingFormat\" content=\"audio\/mpeg\" \/><meta itemprop=\"duration\" content=\"PT3H16M02S\" \/><meta itemprop=\"description\" content=\"Avec Xavier &quot;L\u00e9o de Hurlevan&quot; Allard, Michel Houng et St\u00e9phane Lavoisard.\" \/><meta itemprop=\"contentUrl\" content=\"https:\/\/mo5.com\/mag\/podcasts\/podcast_46.mp3\" \/><meta itemprop=\"contentSize\" content=\"269.2\" \/><div class=\"powerpress_player\" id=\"powerpress_player_883\"><audio class=\"wp-audio-shortcode\" id=\"audio-18570-1\" preload=\"none\" style=\"width: 100%;\" controls=\"controls\"><source type=\"audio\/mpeg\" src=\"https:\/\/mo5.com\/mag\/podcasts\/podcast_46.mp3?_=1\" \/><a href=\"https:\/\/mo5.com\/mag\/podcasts\/podcast_46.mp3\">https:\/\/mo5.com\/mag\/podcasts\/podcast_46.mp3<\/a><\/audio><\/div><\/div><p class=\"powerpress_links powerpress_links_mp3\" style=\"margin-bottom: 1px !important;\">Podcast: <a href=\"https:\/\/mo5.com\/mag\/podcasts\/podcast_46.mp3\" class=\"powerpress_link_pinw\" target=\"_blank\" title=\"Play in new window\" onclick=\"return powerpress_pinw('https:\/\/mo5.com\/fr\/?powerpress_pinw=18570-podcast');\" rel=\"nofollow\">Play in new window<\/a> | <a href=\"https:\/\/mo5.com\/mag\/podcasts\/podcast_46.mp3\" class=\"powerpress_link_d\" title=\"Download\" rel=\"nofollow\" download=\"podcast_46.mp3\">Download<\/a><\/p><p class=\"powerpress_links powerpress_subscribe_links\">Subscribe: <a href=\"https:\/\/itunes.apple.com\/us\/podcast\/les-podcasts-de-mo5.com\/id507305154?ign-mpt=uo%3D4&amp;mt=2&amp;ls=1#episodeGuid=https%3A%2F%2Fmo5.com%2Fmag%2Fpodcasts%2Fpodcast_46.mp3\" class=\"powerpress_link_subscribe powerpress_link_subscribe_itunes\" target=\"_blank\" title=\"Subscribe on Apple Podcasts\" rel=\"nofollow\">Apple Podcasts<\/a> | <a href=\"https:\/\/open.spotify.com\/show\/5ctg2KmlJjZlDCdmW8Z5wj\" class=\"powerpress_link_subscribe powerpress_link_subscribe_spotify\" target=\"_blank\" title=\"Subscribe on Spotify\" rel=\"nofollow\">Spotify<\/a> | <a href=\"https:\/\/mo5.com\/fr\/feed\/podcast\/\" class=\"powerpress_link_subscribe powerpress_link_subscribe_rss\" target=\"_blank\" title=\"Subscribe via RSS\" rel=\"nofollow\">RSS<\/a><\/p><p>Si <a href=\"https:\/\/mo5.com\/podcast-45-la-dreamcast-a-20-ans\/\">notre derni\u00e8re \u00e9mission<\/a> a \u00e0 peine plus d\u2019un mois, elle avait eu du retard et nous tenions \u00e0 raviver une \u00ab\u00a0tradition\u00a0\u00bb de No\u00ebl des <em><strong>Podcasts de MO5.COM<\/strong><\/em>, quand bien m\u00eame elle n\u2019a eu lieu que deux fois \u00e0 cette p\u00e9riode\u2026 Pis, le pr\u00e9c\u00e9dent num\u00e9ro consacr\u00e9 \u00e0 un magazine remonte \u00e0 <a href=\"https:\/\/mo5.com\/podcast-31-lhistoire-de-consoles\/\">mars 2015<\/a>, car notre sp\u00e9cialiste <strong>Yves Breem<\/strong> a pass\u00e9 des ann\u00e9es \u00e0 essayer de r\u00e9unir les anciens de <em>Joystick<\/em> \u2013 sans succ\u00e8s h\u00e9las. Mais on n\u2019a pas perdu au change avec <a href=\"https:\/\/www.abandonware-magazines.org\/affiche_mag.php?mag=27\" target=\"_blank\" rel=\"noopener noreferrer\"><em><strong>G\u00e9n\u00e9ration\u00a04<\/strong><\/em><\/a>, bien au contraire, car ce podcast en compagnie des r\u00e9dacteurs (en chef pour certains) <strong>Xavier \u00ab\u00a0L\u00e9o de Hurlevan\u00a0\u00bb Allard<\/strong>, <strong>Michel Houng<\/strong> et <strong>St\u00e9phane Lavoisard<\/strong> est sans doute l\u2019un de nos tout meilleurs\u00a0!<\/p>\n<p class=\"has-text-align-left\">Les participants de ce podcast sont\u00a0:<\/p>\n<div class=\"wp-block-image\">\n<figure class=\"aligncenter size-large is-resized\"><img loading=\"lazy\" decoding=\"async\" class=\"wp-image-175119\" src=\"http:\/\/mag.mo5.com\/wp-content\/uploads\/2019\/12\/podcast-gen4.jpg\" alt=\"De gauche \u00e0 droite : Belasco, Yves Breem, Xavier &quot;L\u00e9o de Hurlevan&quot; Allard, Michel Houng et St\u00e9phane Lavoisard\" width=\"550\" height=\"308\" \/><figcaption>De gauche \u00e0 droite\u00a0: Belasco, Yves Breem, Xavier \u00ab\u00a0L\u00e9o de Hurlevan\u00a0\u00bb Allard, Michel Houng et St\u00e9phane Lavoisard<\/figcaption><\/figure>\n<\/div>\n<ul>\n<li><strong>St\u00e9phane Lavoisard<\/strong>, deuxi\u00e8me r\u00e9dacteur en chef du magazine<\/li>\n<li><strong>Michel Houng<\/strong>, r\u00e9dacteur durant trois ans, fondateur de <a href=\"https:\/\/www.playscope.com\/\" target=\"_blank\" rel=\"noopener noreferrer\"><strong>Playscope<\/strong><\/a><\/li>\n<li><strong>Xavier \u00ab\u00a0L\u00e9o de Hurlevan\u00a0\u00bb Allard<\/strong>, dernier r\u00e9dacteur en chef<\/li>\n<li><strong>Yves Breem<\/strong>, membre de MO5.COM et expert de la presse sp\u00e9cialis\u00e9e<\/li>\n<li><a href=\"https:\/\/twitter.com\/kazerlelutin\" target=\"_blank\" rel=\"noopener noreferrer\"><strong>Benoist<\/strong><\/a>, d\u00e9veloppeur web et cr\u00e9ateur d\u2019animations pour <a href=\"http:\/\/studiokami.fr\/\" target=\"_blank\" rel=\"noopener noreferrer\"><strong>Studi\u014ckami<\/strong><\/a><\/li>\n<li>et <a href=\"https:\/\/twitter.com\/Belasco75\" target=\"_blank\" rel=\"noopener noreferrer\"><strong>Belasco Estacado<\/strong><\/a>, animateur-vedette<\/li>\n<\/ul>\n","protected":false},"excerpt":{"rendered":"<p>Si notre derni\u00e8re \u00e9mission a \u00e0 peine plus d\u2019un mois, elle avait eu du retard et nous tenions \u00e0 raviver une \u00ab\u00a0tradition\u00a0\u00bb de No\u00ebl des Podcasts de MO5.COM, quand bien m\u00eame elle n\u2019a eu lieu que deux fois \u00e0 cette p\u00e9riode\u2026 Pis, le pr\u00e9c\u00e9dent num\u00e9ro consacr\u00e9 \u00e0 un magazine remonte \u00e0 mars 2015, car notre sp\u00e9cialiste Yves Breem a pass\u00e9 des ann\u00e9es \u00e0 essayer de r\u00e9unir les anciens de Joystick \u2013 sans succ\u00e8s h\u00e9las. Mais on n\u2019a pas perdu au change avec G\u00e9n\u00e9ration\u00a04, bien au contraire, car ce podcast en compagnie des r\u00e9dacteurs (en chef pour certains) Xavier \u00ab\u00a0L\u00e9o de Hurlevan\u00a0\u00bb Allard, Michel Houng et St\u00e9phane Lavoisard est sans doute l\u2019un de nos tout meilleurs\u00a0! Les participants de ce podcast sont\u00a0: De gauche \u00e0 droite\u00a0: Belasco, Yves Breem, Xavier \u00ab\u00a0L\u00e9o de Hurlevan\u00a0\u00bb Allard, Michel Houng et St\u00e9phane Lavoisard St\u00e9phane Lavoisard, deuxi\u00e8me r\u00e9dacteur en chef du magazine Michel Houng, r\u00e9dacteur durant trois ans, fondateur de Playscope Xavier \u00ab\u00a0L\u00e9o de Hurlevan\u00a0\u00bb Allard, dernier r\u00e9dacteur en chef Yves Breem, membre de MO5.COM et expert de la presse sp\u00e9cialis\u00e9e Benoist, d\u00e9veloppeur web et cr\u00e9ateur d\u2019animations pour Studi\u014ckami et Belasco Estacado, animateur-vedette<\/p>\n","protected":false},"author":321,"featured_media":18573,"comment_status":"closed","ping_status":"closed","sticky":false,"template":"","format":"standard","meta":{"_acf_changed":false,"give_campaign_id":0,"footnotes":""},"categories":[114,107],"tags":[46,504],"class_list":["post-18570","post","type-post","status-publish","format-standard","has-post-thumbnail","hentry","category-actualite","category-podcast","tag-magazine","tag-podcast"],"acf":[],"yoast_head":"<!-- This site is optimized with the Yoast SEO plugin v27.4 - https:\/\/yoast.com\/product\/yoast-seo-wordpress\/ -->\n<title>Podcast #46 - L\u2019Histoire de G\u00e9n\u00e9ration 4 - MO5.COM<\/title>\n<meta name=\"robots\" content=\"index, follow, max-snippet:-1, max-image-preview:large, max-video-preview:-1\" \/>\n<link rel=\"canonical\" href=\"https:\/\/mo5.com\/fr\/podcast-46-lhistoire-de-gen4\/\" \/>\n<meta property=\"og:locale\" content=\"fr_FR\" \/>\n<meta property=\"og:type\" content=\"article\" \/>\n<meta property=\"og:title\" content=\"Podcast #46 - L\u2019Histoire de G\u00e9n\u00e9ration 4 - MO5.COM\" \/>\n<meta property=\"og:description\" content=\"Si notre derni\u00e8re \u00e9mission a \u00e0 peine plus d\u2019un mois, elle avait eu du retard et nous tenions \u00e0 raviver une \u00ab\u00a0tradition\u00a0\u00bb de No\u00ebl des Podcasts de MO5.COM, quand bien m\u00eame elle n\u2019a eu lieu que deux fois \u00e0 cette p\u00e9riode\u2026 Pis, le pr\u00e9c\u00e9dent num\u00e9ro consacr\u00e9 \u00e0 un magazine remonte \u00e0 mars 2015, car notre sp\u00e9cialiste Yves Breem a pass\u00e9 des ann\u00e9es \u00e0 essayer de r\u00e9unir les anciens de Joystick \u2013 sans succ\u00e8s h\u00e9las. Mais on n\u2019a pas perdu au change avec G\u00e9n\u00e9ration\u00a04, bien au contraire, car ce podcast en compagnie des r\u00e9dacteurs (en chef pour certains) Xavier \u00ab\u00a0L\u00e9o de Hurlevan\u00a0\u00bb Allard, Michel Houng et St\u00e9phane Lavoisard est sans doute l\u2019un de nos tout meilleurs\u00a0! Les participants de ce podcast sont\u00a0: De gauche \u00e0 droite\u00a0: Belasco, Yves Breem, Xavier \u00ab\u00a0L\u00e9o de Hurlevan\u00a0\u00bb Allard, Michel Houng et St\u00e9phane Lavoisard St\u00e9phane Lavoisard, deuxi\u00e8me r\u00e9dacteur en chef du magazine Michel Houng, r\u00e9dacteur durant trois ans, fondateur de Playscope Xavier \u00ab\u00a0L\u00e9o de Hurlevan\u00a0\u00bb Allard, dernier r\u00e9dacteur en chef Yves Breem, membre de MO5.COM et expert de la presse sp\u00e9cialis\u00e9e Benoist, d\u00e9veloppeur web et cr\u00e9ateur d\u2019animations pour Studi\u014ckami et Belasco Estacado, animateur-vedette\" \/>\n<meta property=\"og:url\" content=\"https:\/\/mo5.com\/fr\/podcast-46-lhistoire-de-gen4\/\" \/>\n<meta property=\"og:site_name\" content=\"MO5.COM\" \/>\n<meta property=\"article:publisher\" content=\"https:\/\/www.facebook.com\/pages\/Association-MO5COM\/9540357570\" \/>\n<meta property=\"article:published_time\" content=\"2019-12-27T14:30:00+00:00\" \/>\n<meta property=\"article:modified_time\" content=\"2019-12-30T10:41:03+00:00\" \/>\n<meta property=\"og:image\" content=\"https:\/\/mo5.com\/wp-content\/uploads\/2019\/12\/une_podcast-gen4.jpg\" \/>\n\t<meta property=\"og:image:width\" content=\"640\" \/>\n\t<meta property=\"og:image:height\" content=\"407\" \/>\n\t<meta property=\"og:image:type\" content=\"image\/jpeg\" \/>\n<meta name=\"author\" content=\"Vanessa Lambert\" \/>\n<meta name=\"twitter:card\" content=\"summary_large_image\" \/>\n<meta name=\"twitter:creator\" content=\"@assomo5\" \/>\n<meta name=\"twitter:site\" content=\"@assomo5\" \/>\n<meta name=\"twitter:label1\" content=\"\u00c9crit par\" \/>\n\t<meta name=\"twitter:data1\" content=\"Vanessa Lambert\" \/>\n\t<meta name=\"twitter:label2\" content=\"Dur\u00e9e de lecture estim\u00e9e\" \/>\n\t<meta name=\"twitter:data2\" content=\"1 minute\" \/>\n<script type=\"application\/ld+json\" class=\"yoast-schema-graph\">{\"@context\":\"https:\\\/\\\/schema.org\",\"@graph\":[{\"@type\":\"Article\",\"@id\":\"https:\\\/\\\/mo5.com\\\/podcast-46-lhistoire-de-gen4\\\/#article\",\"isPartOf\":{\"@id\":\"https:\\\/\\\/mo5.com\\\/podcast-46-lhistoire-de-gen4\\\/\"},\"author\":{\"name\":\"Vanessa Lambert\",\"@id\":\"https:\\\/\\\/mo5.com\\\/#\\\/schema\\\/person\\\/699d40c98de376ea5f90a0e0c8fbbe03\"},\"headline\":\"Podcast #46 &#8211; L\u2019Histoire de G\u00e9n\u00e9ration 4\",\"datePublished\":\"2019-12-27T14:30:00+00:00\",\"dateModified\":\"2019-12-30T10:41:03+00:00\",\"mainEntityOfPage\":{\"@id\":\"https:\\\/\\\/mo5.com\\\/podcast-46-lhistoire-de-gen4\\\/\"},\"wordCount\":223,\"publisher\":{\"@id\":\"https:\\\/\\\/mo5.com\\\/#organization\"},\"image\":{\"@id\":\"https:\\\/\\\/mo5.com\\\/podcast-46-lhistoire-de-gen4\\\/#primaryimage\"},\"thumbnailUrl\":\"https:\\\/\\\/mo5.com\\\/wp-content\\\/uploads\\\/2019\\\/12\\\/une_podcast-gen4.jpg\",\"keywords\":[\"magazine\",\"podcast\"],\"articleSection\":[\"Actualit\u00e9\",\"Podcasts\"],\"inLanguage\":\"fr-FR\"},{\"@type\":\"WebPage\",\"@id\":\"https:\\\/\\\/mo5.com\\\/podcast-46-lhistoire-de-gen4\\\/\",\"url\":\"https:\\\/\\\/mo5.com\\\/podcast-46-lhistoire-de-gen4\\\/\",\"name\":\"Podcast #46 - L\u2019Histoire de G\u00e9n\u00e9ration 4 - MO5.COM\",\"isPartOf\":{\"@id\":\"https:\\\/\\\/mo5.com\\\/#website\"},\"primaryImageOfPage\":{\"@id\":\"https:\\\/\\\/mo5.com\\\/podcast-46-lhistoire-de-gen4\\\/#primaryimage\"},\"image\":{\"@id\":\"https:\\\/\\\/mo5.com\\\/podcast-46-lhistoire-de-gen4\\\/#primaryimage\"},\"thumbnailUrl\":\"https:\\\/\\\/mo5.com\\\/wp-content\\\/uploads\\\/2019\\\/12\\\/une_podcast-gen4.jpg\",\"datePublished\":\"2019-12-27T14:30:00+00:00\",\"dateModified\":\"2019-12-30T10:41:03+00:00\",\"breadcrumb\":{\"@id\":\"https:\\\/\\\/mo5.com\\\/podcast-46-lhistoire-de-gen4\\\/#breadcrumb\"},\"inLanguage\":\"fr-FR\",\"potentialAction\":[{\"@type\":\"ReadAction\",\"target\":[\"https:\\\/\\\/mo5.com\\\/podcast-46-lhistoire-de-gen4\\\/\"]}]},{\"@type\":\"ImageObject\",\"inLanguage\":\"fr-FR\",\"@id\":\"https:\\\/\\\/mo5.com\\\/podcast-46-lhistoire-de-gen4\\\/#primaryimage\",\"url\":\"https:\\\/\\\/mo5.com\\\/wp-content\\\/uploads\\\/2019\\\/12\\\/une_podcast-gen4.jpg\",\"contentUrl\":\"https:\\\/\\\/mo5.com\\\/wp-content\\\/uploads\\\/2019\\\/12\\\/une_podcast-gen4.jpg\",\"width\":1415,\"height\":900,\"caption\":\"une podcast gen4\"},{\"@type\":\"BreadcrumbList\",\"@id\":\"https:\\\/\\\/mo5.com\\\/podcast-46-lhistoire-de-gen4\\\/#breadcrumb\",\"itemListElement\":[{\"@type\":\"ListItem\",\"position\":1,\"name\":\"Accueil\",\"item\":\"https:\\\/\\\/mo5.com\\\/\"},{\"@type\":\"ListItem\",\"position\":2,\"name\":\"Podcast #46 &#8211; L\u2019Histoire de G\u00e9n\u00e9ration 4\"}]},{\"@type\":\"WebSite\",\"@id\":\"https:\\\/\\\/mo5.com\\\/#website\",\"url\":\"https:\\\/\\\/mo5.com\\\/\",\"name\":\"MO5.COM\",\"description\":\"Pr\u00e9server, explorer, rejouer\",\"publisher\":{\"@id\":\"https:\\\/\\\/mo5.com\\\/#organization\"},\"potentialAction\":[{\"@type\":\"SearchAction\",\"target\":{\"@type\":\"EntryPoint\",\"urlTemplate\":\"https:\\\/\\\/mo5.com\\\/?s={search_term_string}\"},\"query-input\":{\"@type\":\"PropertyValueSpecification\",\"valueRequired\":true,\"valueName\":\"search_term_string\"}}],\"inLanguage\":\"fr-FR\"},{\"@type\":\"Organization\",\"@id\":\"https:\\\/\\\/mo5.com\\\/#organization\",\"name\":\"Association MO5.COM\",\"url\":\"https:\\\/\\\/mo5.com\\\/\",\"logo\":{\"@type\":\"ImageObject\",\"inLanguage\":\"fr-FR\",\"@id\":\"https:\\\/\\\/mo5.com\\\/#\\\/schema\\\/logo\\\/image\\\/\",\"url\":\"https:\\\/\\\/mo5.com\\\/wp-content\\\/uploads\\\/2023\\\/10\\\/Logo_MO5_A_Colo_Texte_Bleu-e1697059504554.png\",\"contentUrl\":\"https:\\\/\\\/mo5.com\\\/wp-content\\\/uploads\\\/2023\\\/10\\\/Logo_MO5_A_Colo_Texte_Bleu-e1697059504554.png\",\"width\":2094,\"height\":559,\"caption\":\"Association MO5.COM\"},\"image\":{\"@id\":\"https:\\\/\\\/mo5.com\\\/#\\\/schema\\\/logo\\\/image\\\/\"},\"sameAs\":[\"https:\\\/\\\/www.facebook.com\\\/pages\\\/Association-MO5COM\\\/9540357570\",\"https:\\\/\\\/x.com\\\/assomo5\",\"http:\\\/\\\/www.instagram.com\\\/assomo5\",\"https:\\\/\\\/www.youtube.com\\\/channel\\\/UCRncMsBo89C9u_8gpWnsOVw\\\/featured\",\"https:\\\/\\\/bsky.app\\\/profile\\\/assomo5.bsky.social\",\"https:\\\/\\\/twitch.tv\\\/mo5assoretro\"]},{\"@type\":\"Person\",\"@id\":\"https:\\\/\\\/mo5.com\\\/#\\\/schema\\\/person\\\/699d40c98de376ea5f90a0e0c8fbbe03\",\"name\":\"Vanessa Lambert\",\"image\":{\"@type\":\"ImageObject\",\"inLanguage\":\"fr-FR\",\"@id\":\"https:\\\/\\\/secure.gravatar.com\\\/avatar\\\/9ece66626ce44c3cf1f4e5c76c7b3de985616d63290d11f0309252f3c0f4108d?s=96&d=mm&r=g\",\"url\":\"https:\\\/\\\/secure.gravatar.com\\\/avatar\\\/9ece66626ce44c3cf1f4e5c76c7b3de985616d63290d11f0309252f3c0f4108d?s=96&d=mm&r=g\",\"contentUrl\":\"https:\\\/\\\/secure.gravatar.com\\\/avatar\\\/9ece66626ce44c3cf1f4e5c76c7b3de985616d63290d11f0309252f3c0f4108d?s=96&d=mm&r=g\",\"caption\":\"Vanessa Lambert\"},\"url\":\"https:\\\/\\\/mo5.com\\\/fr\\\/author\\\/vanessa\\\/\"}]}<\/script>\n<!-- \/ Yoast SEO plugin. -->","yoast_head_json":{"title":"Podcast #46 - L\u2019Histoire de G\u00e9n\u00e9ration 4 - MO5.COM","robots":{"index":"index","follow":"follow","max-snippet":"max-snippet:-1","max-image-preview":"max-image-preview:large","max-video-preview":"max-video-preview:-1"},"canonical":"https:\/\/mo5.com\/fr\/podcast-46-lhistoire-de-gen4\/","og_locale":"fr_FR","og_type":"article","og_title":"Podcast #46 - L\u2019Histoire de G\u00e9n\u00e9ration 4 - MO5.COM","og_description":"Si notre derni\u00e8re \u00e9mission a \u00e0 peine plus d\u2019un mois, elle avait eu du retard et nous tenions \u00e0 raviver une \u00ab\u00a0tradition\u00a0\u00bb de No\u00ebl des Podcasts de MO5.COM, quand bien m\u00eame elle n\u2019a eu lieu que deux fois \u00e0 cette p\u00e9riode\u2026 Pis, le pr\u00e9c\u00e9dent num\u00e9ro consacr\u00e9 \u00e0 un magazine remonte \u00e0 mars 2015, car notre sp\u00e9cialiste Yves Breem a pass\u00e9 des ann\u00e9es \u00e0 essayer de r\u00e9unir les anciens de Joystick \u2013 sans succ\u00e8s h\u00e9las. Mais on n\u2019a pas perdu au change avec G\u00e9n\u00e9ration\u00a04, bien au contraire, car ce podcast en compagnie des r\u00e9dacteurs (en chef pour certains) Xavier \u00ab\u00a0L\u00e9o de Hurlevan\u00a0\u00bb Allard, Michel Houng et St\u00e9phane Lavoisard est sans doute l\u2019un de nos tout meilleurs\u00a0! Les participants de ce podcast sont\u00a0: De gauche \u00e0 droite\u00a0: Belasco, Yves Breem, Xavier \u00ab\u00a0L\u00e9o de Hurlevan\u00a0\u00bb Allard, Michel Houng et St\u00e9phane Lavoisard St\u00e9phane Lavoisard, deuxi\u00e8me r\u00e9dacteur en chef du magazine Michel Houng, r\u00e9dacteur durant trois ans, fondateur de Playscope Xavier \u00ab\u00a0L\u00e9o de Hurlevan\u00a0\u00bb Allard, dernier r\u00e9dacteur en chef Yves Breem, membre de MO5.COM et expert de la presse sp\u00e9cialis\u00e9e Benoist, d\u00e9veloppeur web et cr\u00e9ateur d\u2019animations pour Studi\u014ckami et Belasco Estacado, animateur-vedette","og_url":"https:\/\/mo5.com\/fr\/podcast-46-lhistoire-de-gen4\/","og_site_name":"MO5.COM","article_publisher":"https:\/\/www.facebook.com\/pages\/Association-MO5COM\/9540357570","article_published_time":"2019-12-27T14:30:00+00:00","article_modified_time":"2019-12-30T10:41:03+00:00","og_image":[{"width":640,"height":407,"url":"https:\/\/mo5.com\/wp-content\/uploads\/2019\/12\/une_podcast-gen4.jpg","type":"image\/jpeg"}],"author":"Vanessa Lambert","twitter_card":"summary_large_image","twitter_creator":"@assomo5","twitter_site":"@assomo5","twitter_misc":{"\u00c9crit par":"Vanessa Lambert","Dur\u00e9e de lecture estim\u00e9e":"1 minute"},"schema":{"@context":"https:\/\/schema.org","@graph":[{"@type":"Article","@id":"https:\/\/mo5.com\/podcast-46-lhistoire-de-gen4\/#article","isPartOf":{"@id":"https:\/\/mo5.com\/podcast-46-lhistoire-de-gen4\/"},"author":{"name":"Vanessa Lambert","@id":"https:\/\/mo5.com\/#\/schema\/person\/699d40c98de376ea5f90a0e0c8fbbe03"},"headline":"Podcast #46 &#8211; L\u2019Histoire de G\u00e9n\u00e9ration 4","datePublished":"2019-12-27T14:30:00+00:00","dateModified":"2019-12-30T10:41:03+00:00","mainEntityOfPage":{"@id":"https:\/\/mo5.com\/podcast-46-lhistoire-de-gen4\/"},"wordCount":223,"publisher":{"@id":"https:\/\/mo5.com\/#organization"},"image":{"@id":"https:\/\/mo5.com\/podcast-46-lhistoire-de-gen4\/#primaryimage"},"thumbnailUrl":"https:\/\/mo5.com\/wp-content\/uploads\/2019\/12\/une_podcast-gen4.jpg","keywords":["magazine","podcast"],"articleSection":["Actualit\u00e9","Podcasts"],"inLanguage":"fr-FR"},{"@type":"WebPage","@id":"https:\/\/mo5.com\/podcast-46-lhistoire-de-gen4\/","url":"https:\/\/mo5.com\/podcast-46-lhistoire-de-gen4\/","name":"Podcast #46 - L\u2019Histoire de G\u00e9n\u00e9ration 4 - MO5.COM","isPartOf":{"@id":"https:\/\/mo5.com\/#website"},"primaryImageOfPage":{"@id":"https:\/\/mo5.com\/podcast-46-lhistoire-de-gen4\/#primaryimage"},"image":{"@id":"https:\/\/mo5.com\/podcast-46-lhistoire-de-gen4\/#primaryimage"},"thumbnailUrl":"https:\/\/mo5.com\/wp-content\/uploads\/2019\/12\/une_podcast-gen4.jpg","datePublished":"2019-12-27T14:30:00+00:00","dateModified":"2019-12-30T10:41:03+00:00","breadcrumb":{"@id":"https:\/\/mo5.com\/podcast-46-lhistoire-de-gen4\/#breadcrumb"},"inLanguage":"fr-FR","potentialAction":[{"@type":"ReadAction","target":["https:\/\/mo5.com\/podcast-46-lhistoire-de-gen4\/"]}]},{"@type":"ImageObject","inLanguage":"fr-FR","@id":"https:\/\/mo5.com\/podcast-46-lhistoire-de-gen4\/#primaryimage","url":"https:\/\/mo5.com\/wp-content\/uploads\/2019\/12\/une_podcast-gen4.jpg","contentUrl":"https:\/\/mo5.com\/wp-content\/uploads\/2019\/12\/une_podcast-gen4.jpg","width":1415,"height":900,"caption":"une podcast gen4"},{"@type":"BreadcrumbList","@id":"https:\/\/mo5.com\/podcast-46-lhistoire-de-gen4\/#breadcrumb","itemListElement":[{"@type":"ListItem","position":1,"name":"Accueil","item":"https:\/\/mo5.com\/"},{"@type":"ListItem","position":2,"name":"Podcast #46 &#8211; L\u2019Histoire de G\u00e9n\u00e9ration 4"}]},{"@type":"WebSite","@id":"https:\/\/mo5.com\/#website","url":"https:\/\/mo5.com\/","name":"MO5.COM","description":"Pr\u00e9server, explorer, rejouer","publisher":{"@id":"https:\/\/mo5.com\/#organization"},"potentialAction":[{"@type":"SearchAction","target":{"@type":"EntryPoint","urlTemplate":"https:\/\/mo5.com\/?s={search_term_string}"},"query-input":{"@type":"PropertyValueSpecification","valueRequired":true,"valueName":"search_term_string"}}],"inLanguage":"fr-FR"},{"@type":"Organization","@id":"https:\/\/mo5.com\/#organization","name":"Association MO5.COM","url":"https:\/\/mo5.com\/","logo":{"@type":"ImageObject","inLanguage":"fr-FR","@id":"https:\/\/mo5.com\/#\/schema\/logo\/image\/","url":"https:\/\/mo5.com\/wp-content\/uploads\/2023\/10\/Logo_MO5_A_Colo_Texte_Bleu-e1697059504554.png","contentUrl":"https:\/\/mo5.com\/wp-content\/uploads\/2023\/10\/Logo_MO5_A_Colo_Texte_Bleu-e1697059504554.png","width":2094,"height":559,"caption":"Association MO5.COM"},"image":{"@id":"https:\/\/mo5.com\/#\/schema\/logo\/image\/"},"sameAs":["https:\/\/www.facebook.com\/pages\/Association-MO5COM\/9540357570","https:\/\/x.com\/assomo5","http:\/\/www.instagram.com\/assomo5","https:\/\/www.youtube.com\/channel\/UCRncMsBo89C9u_8gpWnsOVw\/featured","https:\/\/bsky.app\/profile\/assomo5.bsky.social","https:\/\/twitch.tv\/mo5assoretro"]},{"@type":"Person","@id":"https:\/\/mo5.com\/#\/schema\/person\/699d40c98de376ea5f90a0e0c8fbbe03","name":"Vanessa Lambert","image":{"@type":"ImageObject","inLanguage":"fr-FR","@id":"https:\/\/secure.gravatar.com\/avatar\/9ece66626ce44c3cf1f4e5c76c7b3de985616d63290d11f0309252f3c0f4108d?s=96&d=mm&r=g","url":"https:\/\/secure.gravatar.com\/avatar\/9ece66626ce44c3cf1f4e5c76c7b3de985616d63290d11f0309252f3c0f4108d?s=96&d=mm&r=g","contentUrl":"https:\/\/secure.gravatar.com\/avatar\/9ece66626ce44c3cf1f4e5c76c7b3de985616d63290d11f0309252f3c0f4108d?s=96&d=mm&r=g","caption":"Vanessa Lambert"},"url":"https:\/\/mo5.com\/fr\/author\/vanessa\/"}]}},"_links":{"self":[{"href":"https:\/\/mo5.com\/fr\/wp-json\/wp\/v2\/posts\/18570","targetHints":{"allow":["GET"]}}],"collection":[{"href":"https:\/\/mo5.com\/fr\/wp-json\/wp\/v2\/posts"}],"about":[{"href":"https:\/\/mo5.com\/fr\/wp-json\/wp\/v2\/types\/post"}],"author":[{"embeddable":true,"href":"https:\/\/mo5.com\/fr\/wp-json\/wp\/v2\/users\/321"}],"replies":[{"embeddable":true,"href":"https:\/\/mo5.com\/fr\/wp-json\/wp\/v2\/comments?post=18570"}],"version-history":[{"count":0,"href":"https:\/\/mo5.com\/fr\/wp-json\/wp\/v2\/posts\/18570\/revisions"}],"wp:featuredmedia":[{"embeddable":true,"href":"https:\/\/mo5.com\/fr\/wp-json\/wp\/v2\/media\/18573"}],"wp:attachment":[{"href":"https:\/\/mo5.com\/fr\/wp-json\/wp\/v2\/media?parent=18570"}],"wp:term":[{"taxonomy":"category","embeddable":true,"href":"https:\/\/mo5.com\/fr\/wp-json\/wp\/v2\/categories?post=18570"},{"taxonomy":"post_tag","embeddable":true,"href":"https:\/\/mo5.com\/fr\/wp-json\/wp\/v2\/tags?post=18570"}],"curies":[{"name":"wp","href":"https:\/\/api.w.org\/{rel}","templated":true}]}}