{"id":384,"date":"2023-02-08T13:23:22","date_gmt":"2023-02-08T11:23:22","guid":{"rendered":"https:\/\/mo5.com\/micral\/?p=384"},"modified":"2023-12-04T18:07:11","modified_gmt":"2023-12-04T16:07:11","slug":"micral-article1","status":"publish","type":"post","link":"https:\/\/mo5.com\/fr\/micral-article1\/","title":{"rendered":"Acquisition du Micral N par l&#8217;association MO5"},"content":{"rendered":"<div id=\"pl-384\"  class=\"panel-layout\" ><div id=\"pg-384-0\"  class=\"panel-grid panel-no-style\" ><div id=\"pgc-384-0-0\"  class=\"panel-grid-cell\" ><div id=\"panel-384-0-0-0\" class=\"so-panel widget widget_sow-editor panel-first-child panel-last-child widgetopts-SO\" data-index=\"0\" ><div\n\t\t\t\n\t\t\tclass=\"so-widget-sow-editor so-widget-sow-editor-base\"\n\t\t\t\n\t\t>\n<div class=\"siteorigin-widget-tinymce textwidget\">\n\t<h2>L'aventure commence !<\/h2>\n<p><em>Par Philippe Dubois, Pr\u00e9sident.<\/em><\/p>\n<p>Bonjour et bienvenue sur le premier article consacr\u00e9 \u00e0 l'aventure du Micral N et sa restauration par l'association MO5 !<\/p>\n<p>Pour ce premier article, voici le r\u00e9cit et les photos de l'acquisition du Micral N aupr\u00e8s du vendeur par l'association MO5. C'est le 20 janvier 2021 que nous avons re\u00e7u un mail extraordinaire, qu'il nous a fallu relire plusieurs fois pour \u00eatre certains de ne pas r\u00eaver :<\/p>\n<p><em>\"Bonjour,<\/em><\/p>\n<p><em>Je vous contacte car je suis en possession d\u2019un ordinateur Micral.<\/em><br \/>\n<em>Je souhaite le vendre et j\u2019ai pens\u00e9 \u00e0 votre asso pour des raisons de patrimoine et de votre engagement.<\/em><br \/>\n<em>Je crois me souvenir que lors de la vente aux ench\u00e8res de 2017 pour la m\u00eame machine s\u00fbrement plus compl\u00e8te vous n\u2019avez pas pu suivre cet am\u00e9ricain !!<\/em><\/p>\n<p><em>Je souhaite avant d\u2019envisager une ench\u00e8re privil\u00e9gier le dialogue avec vous.<\/em><br \/>\n<em>Si cela vous int\u00e9resse\u00a0je vous laisse mes coordonn\u00e9es afin d\u2019en discuter de vive voix.<\/em><\/p>\n<p><em>Bonne journ\u00e9e,<\/em><br \/>\n<em>Christophe xx\" (NDLR: nous ne nommerons le vendeur que par son pr\u00e9nom, selon son souhait)<\/em><\/p>\n<p>J'ai moi-m\u00eame r\u00e9pondu imm\u00e9diatement aux autres responsables de l'association, qui venaient eux aussi de recevoir l\u2019e-mail, que j'allais contacter le vendeur imm\u00e9diatement. En effet, le jour m\u00eame et un peu f\u00e9brile, j'appelle la personne en question, et l'acquisition est d\u00e9j\u00e0 en cours.<\/p>\n<p>Pour rappel, l\u2019association MO5 et le Micral N, c\u2019est une longue histoire d\u2019amour. C\u2019est une premi\u00e8re rencontre en 1999 \u00e0 Paris lorsque son inventeur, Fran\u00e7ois Gernelle, m'a invit\u00e9 \u00e0 une conf\u00e9rence de presse pour faire une d\u00e9monstration de son exemplaire personnel du Micral N, dont il fait don en 2006 au Mus\u00e9e des Arts et M\u00e9tiers.<\/p>\n<p>Puis en 2006, l\u2019association MO5 sous l'impulsion de Jean-Fran\u00e7ois Del Nero, notre \u00e9lectronicien en chef, a voulu \u00e9tudier l\u2019exemplaire appartenant \u00e0 la Cit\u00e9 des Sciences, actuellement dans les collections du Mus\u00e9e des Confluences \u00e0 Lyon, afin d\u2019en comprendre le fonctionnement, malheureusement sans possibilit\u00e9 d'y acc\u00e9der.<\/p>\n<p><div style=\"width: 1290px\" class=\"wp-caption alignnone\"><img loading=\"lazy\" decoding=\"async\" class=\"legends\" src=\"https:\/\/upload.wikimedia.org\/wikipedia\/commons\/thumb\/4\/4b\/Micral_P1160162.jpg\/1280px-Micral_P1160162.jpg\" alt=\"L'exemplaire de Micral N donn\u00e9 par Pierre Mounier-Kuhn \u00e0 la Cit\u00e9 des Sciences de la Villette\" width=\"1280\" height=\"435\" \/><\/p>\n<p class=\"wp-caption-text\">L'exemplaire de Micral N donn\u00e9 par Pierre Mounier-Kuhn \u00e0 la Cit\u00e9 des Sciences de la Villette. Photo David Monniaux, CC BY-SA 3.0, via Wikimedia Commons<\/p>\n<\/div>\n<p style=\"text-align: left;\">En 2017, la bienveillante communaut\u00e9 fran\u00e7aise de collectionneurs a averti l'association MO5 qu'une vente aux ench\u00e8res d\u2019un Micral N accompagn\u00e9 de nombreux accessoires et documentations allait avoir lieu au ch\u00e2teau d\u2019Artigny. L\u2019association a d\u00e9cid\u00e9 de participer \u00e0 l\u2019ench\u00e8re et a contact\u00e9 plusieurs personnalit\u00e9s influentes du num\u00e9rique fran\u00e7ais afin d\u2019obtenir un soutien financier. Malheureusement pour le patrimoine fran\u00e7ais, cet exemplaire a \u00e9t\u00e9 vendu pr\u00e8s de 50 000 \u20ac au cofondateur de la soci\u00e9t\u00e9 Microsoft, Paul Allen, puis exp\u00e9di\u00e9 \u00e0 Seattle. Paul Allen a ensuite donn\u00e9 ce Micral N au Living Computer Museum de Seattle.<\/p>\n<p style=\"text-align: left;\">Un an plus tard, malheureusement, M. Allen nous a quitt\u00e9s. Sa fille reprenant les affaires de son p\u00e8re, elle a d\u00e9cid\u00e9 de couper les vivres au mus\u00e9e. Actuellement, l'exemplaire de Micral N envoy\u00e9 \u00e0 Seattle est introuvable, dans un \u00e9tat inconnu. Il est peut-\u00eatre tout aussi bien perdu.<\/p>\n<p><div style=\"width: 610px\" class=\"wp-caption alignnone\"><img loading=\"lazy\" decoding=\"async\" class=\"legends\" src=\"https:\/\/mo5.com\/micral\/wp-content\/uploads\/2021\/05\/micral-n-complet.jpg\" alt=\"Le Micral N vendu aux ench\u00e8res en 2017 et achet\u00e9 par Paul Allen, co-cr\u00e9ateur de la soci\u00e9t\u00e9 Microsoft\" width=\"600\" height=\"493\" \/><\/p>\n<p class=\"wp-caption-text\">Le Micral N vendu aux ench\u00e8res en 2017 et achet\u00e9 par Paul Allen, co-cr\u00e9ateur de la soci\u00e9t\u00e9 Microsoft<\/p>\n<\/div>\n<p style=\"text-align: left;\">C'est donc pour l'association une formidable opportunit\u00e9 d'avoir re\u00e7u cette offre pour acqu\u00e9rir et restaurer nous-m\u00eames un exemplaire de Micral N. Le p\u00e8re du vendeur, dont la soci\u00e9t\u00e9 si\u00e9geait \u00e0 deux pas de la R2E, avait appris \u00e0 l\u2019\u00e9poque lors d\u2019une conversation l\u2019existence de ce micro-ordinateur, et pourquoi il \u00e9tait r\u00e9volutionnaire. Il avait donc achet\u00e9 un exemplaire du Micral N directement sur place \u00e0 la R2E, et c'est cet exemplaire que nous poss\u00e9dons maintenant.<\/p>\n<p>Apr\u00e8s nos premi\u00e8res discussions, voici les premi\u00e8res photos que nous recevons de la part du vendeur. Celles-ci sont particuli\u00e8rement importantes, car il est essentiel de savoir imm\u00e9diatement avant de nous engager si nous sommes bien en face d'un v\u00e9ritable Micral N, et non pas d'une copie ou d'une machine trafiqu\u00e9e. La r\u00e9ponse est assez \u00e9vidente en observant les photos envoy\u00e9es par <em>Christophe<\/em> :<\/p>\n<p><div id=\"attachment_441\" style=\"width: 310px\" class=\"wp-caption alignnone\"><a href=\"https:\/\/mo5.com\/micral\/wp-content\/uploads\/2022\/08\/20200605_193127.jpg\" data-rel=\"lightbox-image-0\" data-rl_title=\"\" data-rl_caption=\"\"><img aria-describedby=\"caption-attachment-441\" loading=\"lazy\" decoding=\"async\" class=\"legends wp-image-441\" title=\"'exemplaire de Micral N propos\u00e9 \u00e0 l'association MO5\" src=\"https:\/\/mo5.com\/micral\/wp-content\/uploads\/2022\/08\/20200605_193127-300x169.jpg\" alt=\"L'exemplaire de Micral N propos\u00e9 \u00e0 l'association MO5\" width=\"300\" height=\"225\" \/><\/a><\/p>\n<p id=\"caption-attachment-441\" class=\"wp-caption-text\">L'exemplaire de Micral N propos\u00e9 \u00e0 l'association MO5<\/p>\n<\/div>\n<p><div id=\"attachment_444\" style=\"width: 310px\" class=\"wp-caption alignnone\"><a href=\"https:\/\/mo5.com\/micral\/wp-content\/uploads\/2022\/08\/IMG-20210125-WA0002.jpg\" data-rel=\"lightbox-image-1\" data-rl_title=\"\" data-rl_caption=\"\"><img aria-describedby=\"caption-attachment-444\" loading=\"lazy\" decoding=\"async\" class=\"legends wp-image-444\" title=\"'alimentation\" src=\"https:\/\/mo5.com\/micral\/wp-content\/uploads\/2022\/08\/IMG-20210125-WA0002-300x225.jpg\" alt=\"Vue de derri\u00e8re la machine, qui d\u00e9voile les cartes internes et les fiches d'alimentation\" width=\"300\" height=\"225\" \/><\/a><\/p>\n<p id=\"caption-attachment-444\" class=\"wp-caption-text\">Vue de derri\u00e8re la machine, qui d\u00e9voile les cartes internes et les fiches d'alimentation<\/p>\n<\/div>\n<p>L'association a donc accept\u00e9 la proposition du vendeur, qui ne souhaite pas divulguer son nom comme nous l'avons indiqu\u00e9 dans la campagne. Une fois la proposition financi\u00e8re valid\u00e9e, nous lui avons propos\u00e9 un rendez-vous au plus vite pour venir voir et r\u00e9cup\u00e9rer la pr\u00e9cieuse machine.<\/p>\n<p><div style=\"width: 2543px\" class=\"wp-caption alignnone\"><img loading=\"lazy\" decoding=\"async\" class=\"legends\" src=\"https:\/\/mo5.com\/micral\/wp-content\/uploads\/2022\/08\/IMG_5474.jpg\" alt=\"Philippe Dubois, Pr\u00e9sident, et David Soumet, Vice Pr\u00e9sident, en route pour l'acquisition\" width=\"2533\" height=\"555\" \/><\/p>\n<p class=\"wp-caption-text\">Philippe Dubois, Pr\u00e9sident, et David Soumet, Vice Pr\u00e9sident, en route pour l'acquisition<\/p>\n<\/div>\n<p>Nous prenons donc le train avec David Soumet, vice-pr\u00e9sident de l'association MO5, et Jorge qui nous accompagne pour prendre des photos et des vid\u00e9os de la rencontre. <em>Christophe<\/em> nous a donn\u00e9 rendez-vous dans un h\u00f4tel non loin de chez lui pour que nous puissions voir, toucher la machine et nous assurer que tout aille bien avant de pouvoir repartir avec.<\/p>\n<p><div style=\"width: 2543px\" class=\"wp-caption alignnone\"><img loading=\"lazy\" decoding=\"async\" class=\"legends\" src=\"https:\/\/mo5.com\/micral\/wp-content\/uploads\/2022\/08\/IMG_5511.jpg\" alt=\"Philippe Dubois, David Soumet et le vendeur du Micral N, Christophe.\" width=\"2533\" height=\"555\" \/><\/p>\n<p class=\"wp-caption-text\">Philippe Dubois, David Soumet et le vendeur du Micral N, Christophe.<\/p>\n<\/div>\n<p>Apr\u00e8s ce rendez-vous tr\u00e8s agr\u00e9able pour la petite \u00e9quipe, <em>Christophe<\/em> connaissant l'association depuis quelques temps et appr\u00e9ciant notre travail, nous repartons sur Paris avec une valise charg\u00e9e du pr\u00e9cieux butin afin de mettre la machine en collection, pr\u00eate \u00e0 \u00eatre \u00e9tudi\u00e9e.<\/p>\n<p><div style=\"width: 2543px\" class=\"wp-caption alignnone\"><img loading=\"lazy\" decoding=\"async\" class=\"legends\" src=\"https:\/\/mo5.com\/micral\/wp-content\/uploads\/2022\/08\/Micral-1.jpg\" alt=\"Le Micral N enfin arriv\u00e9 dans son nouveau chez lui, au local de l'association MO5\" width=\"2533\" height=\"555\" \/><\/p>\n<p class=\"wp-caption-text\">Le Micral N enfin arriv\u00e9 dans son nouveau chez lui, au local de l'association MO5<\/p>\n<\/div>\n<p>Maintenant, nous allons pouvoir regarder de pr\u00e8s ce magnifique exemplaire de Micral N, afin de juger de son \u00e9tat g\u00e9n\u00e9ral et \u00e9tudier m\u00e9ticuleusement ce qu'il contient. Mais cela est une histoire pour un futur article, la semaine prochaine !<\/p>\n<p>D'ici l\u00e0, n'oubliez pas svp de participer \u00e0 la campagne pour soutenir nos travaux ! <a href=\"https:\/\/micral.mo5.com\">https:\/\/micral.mo5.com<\/a><\/p>\n<\/div>\n<\/div><\/div><\/div><\/div><\/div>","protected":false},"excerpt":{"rendered":"<p>L&#8217;aventure commence ! Par Philippe Dubois, Pr\u00e9sident. Bonjour et bienvenue sur le premier article consacr\u00e9 \u00e0 l&#8217;aventure du Micral N et sa restauration par l&#8217;association MO5 ! Pour ce premier article, voici le r\u00e9cit et les photos de l&#8217;acquisition du Micral N aupr\u00e8s du vendeur par l&#8217;association MO5. C&#8217;est le 20 janvier 2021 que nous avons re\u00e7u un mail extraordinaire, qu&#8217;il nous a fallu relire plusieurs fois pour \u00eatre certains de ne pas r\u00eaver : &#8220;Bonjour, Je vous contacte car je suis en possession d\u2019un ordinateur Micral. Je souhaite le vendre et j\u2019ai pens\u00e9 \u00e0 votre asso pour des raisons de patrimoine et de votre engagement. Je crois me souvenir que lors de la vente aux ench\u00e8res de 2017 pour la m\u00eame machine s\u00fbrement plus compl\u00e8te vous n\u2019avez pas pu suivre cet am\u00e9ricain !! Je souhaite avant d\u2019envisager une ench\u00e8re privil\u00e9gier le dialogue avec vous. Si cela vous int\u00e9resse\u00a0je vous laisse mes coordonn\u00e9es afin d\u2019en discuter de vive voix. Bonne journ\u00e9e, Christophe xx&#8221; (NDLR: nous ne nommerons le vendeur que par son pr\u00e9nom, selon son souhait) J&#8217;ai moi-m\u00eame r\u00e9pondu imm\u00e9diatement aux autres responsables de l&#8217;association, qui venaient eux aussi de recevoir l\u2019e-mail, que j&#8217;allais contacter le vendeur imm\u00e9diatement. En effet, le jour m\u00eame et un peu f\u00e9brile, j&#8217;appelle la personne en question, et l&#8217;acquisition est d\u00e9j\u00e0 en cours. Pour rappel, l\u2019association MO5 et le Micral N, c\u2019est une longue histoire d\u2019amour. C\u2019est une premi\u00e8re rencontre en 1999 \u00e0 Paris lorsque son inventeur, Fran\u00e7ois Gernelle, m&#8217;a invit\u00e9 \u00e0 une conf\u00e9rence de presse pour faire une d\u00e9monstration de son exemplaire personnel du Micral N, dont il fait don en 2006 au Mus\u00e9e des Arts et M\u00e9tiers. Puis en 2006, l\u2019association MO5 sous l&#8217;impulsion de Jean-Fran\u00e7ois Del Nero, notre \u00e9lectronicien en chef, a voulu \u00e9tudier l\u2019exemplaire appartenant \u00e0 la Cit\u00e9 des Sciences, actuellement dans les collections du Mus\u00e9e des Confluences \u00e0 Lyon, afin d\u2019en comprendre le fonctionnement, malheureusement sans possibilit\u00e9 d&#8217;y acc\u00e9der. En 2017, la bienveillante communaut\u00e9 fran\u00e7aise de collectionneurs a averti l&#8217;association MO5 qu&#8217;une vente aux ench\u00e8res d\u2019un Micral N accompagn\u00e9 de nombreux accessoires et documentations allait avoir lieu au ch\u00e2teau d\u2019Artigny. L\u2019association a d\u00e9cid\u00e9 de participer \u00e0 l\u2019ench\u00e8re et a contact\u00e9 plusieurs personnalit\u00e9s influentes du num\u00e9rique fran\u00e7ais afin d\u2019obtenir un soutien financier. Malheureusement pour le patrimoine fran\u00e7ais, cet exemplaire a \u00e9t\u00e9 vendu pr\u00e8s de 50 000 \u20ac au cofondateur de la soci\u00e9t\u00e9 Microsoft, Paul Allen, puis exp\u00e9di\u00e9 \u00e0 Seattle. Paul Allen a ensuite donn\u00e9 ce Micral N au Living Computer Museum de Seattle. Un an plus tard, malheureusement, M. Allen nous a quitt\u00e9s. Sa fille reprenant les affaires de son p\u00e8re, elle a d\u00e9cid\u00e9 de couper les vivres au mus\u00e9e. Actuellement, l&#8217;exemplaire de Micral N envoy\u00e9 \u00e0 Seattle est introuvable, dans un \u00e9tat inconnu. Il est peut-\u00eatre tout aussi bien perdu. C&#8217;est donc pour l&#8217;association une formidable opportunit\u00e9 d&#8217;avoir re\u00e7u cette offre pour acqu\u00e9rir et restaurer nous-m\u00eames un exemplaire de Micral N. Le p\u00e8re du vendeur, dont la soci\u00e9t\u00e9 si\u00e9geait \u00e0 deux pas de la R2E, avait appris \u00e0 l\u2019\u00e9poque lors d\u2019une conversation l\u2019existence de ce micro-ordinateur, et pourquoi il \u00e9tait r\u00e9volutionnaire. Il avait donc achet\u00e9 un exemplaire du Micral N [&hellip;]<\/p>\n","protected":false},"author":4,"featured_media":19381,"comment_status":"closed","ping_status":"closed","sticky":false,"template":"","format":"standard","meta":{"_acf_changed":false,"give_campaign_id":0,"footnotes":""},"categories":[1496,1485],"tags":[],"class_list":["post-384","post","type-post","status-publish","format-standard","has-post-thumbnail","hentry","category-general","category-micral"],"acf":[],"yoast_head":"<!-- This site is optimized with the Yoast SEO plugin v27.4 - https:\/\/yoast.com\/product\/yoast-seo-wordpress\/ -->\n<title>Acquisition du Micral N par l&#039;association MO5 - MO5.COM<\/title>\n<meta name=\"robots\" content=\"index, follow, max-snippet:-1, max-image-preview:large, max-video-preview:-1\" \/>\n<link rel=\"canonical\" href=\"https:\/\/mo5.com\/fr\/micral-article1\/\" \/>\n<meta property=\"og:locale\" content=\"fr_FR\" \/>\n<meta property=\"og:type\" content=\"article\" \/>\n<meta property=\"og:title\" content=\"Acquisition du Micral N par l&#039;association MO5 - MO5.COM\" \/>\n<meta property=\"og:description\" content=\"L&#039;aventure commence ! Par Philippe Dubois, Pr\u00e9sident. Bonjour et bienvenue sur le premier article consacr\u00e9 \u00e0 l&#039;aventure du Micral N et sa restauration par l&#039;association MO5 ! Pour ce premier article, voici le r\u00e9cit et les photos de l&#039;acquisition du Micral N aupr\u00e8s du vendeur par l&#039;association MO5. C&#039;est le 20 janvier 2021 que nous avons re\u00e7u un mail extraordinaire, qu&#039;il nous a fallu relire plusieurs fois pour \u00eatre certains de ne pas r\u00eaver : &quot;Bonjour, Je vous contacte car je suis en possession d\u2019un ordinateur Micral. Je souhaite le vendre et j\u2019ai pens\u00e9 \u00e0 votre asso pour des raisons de patrimoine et de votre engagement. Je crois me souvenir que lors de la vente aux ench\u00e8res de 2017 pour la m\u00eame machine s\u00fbrement plus compl\u00e8te vous n\u2019avez pas pu suivre cet am\u00e9ricain !! Je souhaite avant d\u2019envisager une ench\u00e8re privil\u00e9gier le dialogue avec vous. Si cela vous int\u00e9resse\u00a0je vous laisse mes coordonn\u00e9es afin d\u2019en discuter de vive voix. Bonne journ\u00e9e, Christophe xx&quot; (NDLR: nous ne nommerons le vendeur que par son pr\u00e9nom, selon son souhait) J&#039;ai moi-m\u00eame r\u00e9pondu imm\u00e9diatement aux autres responsables de l&#039;association, qui venaient eux aussi de recevoir l\u2019e-mail, que j&#039;allais contacter le vendeur imm\u00e9diatement. En effet, le jour m\u00eame et un peu f\u00e9brile, j&#039;appelle la personne en question, et l&#039;acquisition est d\u00e9j\u00e0 en cours. Pour rappel, l\u2019association MO5 et le Micral N, c\u2019est une longue histoire d\u2019amour. C\u2019est une premi\u00e8re rencontre en 1999 \u00e0 Paris lorsque son inventeur, Fran\u00e7ois Gernelle, m&#039;a invit\u00e9 \u00e0 une conf\u00e9rence de presse pour faire une d\u00e9monstration de son exemplaire personnel du Micral N, dont il fait don en 2006 au Mus\u00e9e des Arts et M\u00e9tiers. Puis en 2006, l\u2019association MO5 sous l&#039;impulsion de Jean-Fran\u00e7ois Del Nero, notre \u00e9lectronicien en chef, a voulu \u00e9tudier l\u2019exemplaire appartenant \u00e0 la Cit\u00e9 des Sciences, actuellement dans les collections du Mus\u00e9e des Confluences \u00e0 Lyon, afin d\u2019en comprendre le fonctionnement, malheureusement sans possibilit\u00e9 d&#039;y acc\u00e9der. En 2017, la bienveillante communaut\u00e9 fran\u00e7aise de collectionneurs a averti l&#039;association MO5 qu&#039;une vente aux ench\u00e8res d\u2019un Micral N accompagn\u00e9 de nombreux accessoires et documentations allait avoir lieu au ch\u00e2teau d\u2019Artigny. L\u2019association a d\u00e9cid\u00e9 de participer \u00e0 l\u2019ench\u00e8re et a contact\u00e9 plusieurs personnalit\u00e9s influentes du num\u00e9rique fran\u00e7ais afin d\u2019obtenir un soutien financier. Malheureusement pour le patrimoine fran\u00e7ais, cet exemplaire a \u00e9t\u00e9 vendu pr\u00e8s de 50 000 \u20ac au cofondateur de la soci\u00e9t\u00e9 Microsoft, Paul Allen, puis exp\u00e9di\u00e9 \u00e0 Seattle. Paul Allen a ensuite donn\u00e9 ce Micral N au Living Computer Museum de Seattle. Un an plus tard, malheureusement, M. Allen nous a quitt\u00e9s. Sa fille reprenant les affaires de son p\u00e8re, elle a d\u00e9cid\u00e9 de couper les vivres au mus\u00e9e. Actuellement, l&#039;exemplaire de Micral N envoy\u00e9 \u00e0 Seattle est introuvable, dans un \u00e9tat inconnu. Il est peut-\u00eatre tout aussi bien perdu. C&#039;est donc pour l&#039;association une formidable opportunit\u00e9 d&#039;avoir re\u00e7u cette offre pour acqu\u00e9rir et restaurer nous-m\u00eames un exemplaire de Micral N. Le p\u00e8re du vendeur, dont la soci\u00e9t\u00e9 si\u00e9geait \u00e0 deux pas de la R2E, avait appris \u00e0 l\u2019\u00e9poque lors d\u2019une conversation l\u2019existence de ce micro-ordinateur, et pourquoi il \u00e9tait r\u00e9volutionnaire. Il avait donc achet\u00e9 un exemplaire du Micral N [&hellip;]\" \/>\n<meta property=\"og:url\" content=\"https:\/\/mo5.com\/fr\/micral-article1\/\" \/>\n<meta property=\"og:site_name\" content=\"MO5.COM\" \/>\n<meta property=\"article:publisher\" content=\"https:\/\/www.facebook.com\/pages\/Association-MO5COM\/9540357570\" \/>\n<meta property=\"article:published_time\" content=\"2023-02-08T11:23:22+00:00\" \/>\n<meta property=\"article:modified_time\" content=\"2023-12-04T16:07:11+00:00\" \/>\n<meta property=\"og:image\" content=\"https:\/\/mo5.com\/wp-content\/uploads\/2021\/06\/Micral-43-scaled.jpg\" \/>\n\t<meta property=\"og:image:width\" content=\"2560\" \/>\n\t<meta property=\"og:image:height\" content=\"1920\" \/>\n\t<meta property=\"og:image:type\" content=\"image\/jpeg\" \/>\n<meta name=\"author\" content=\"Philippe Dubois\" \/>\n<meta name=\"twitter:card\" content=\"summary_large_image\" \/>\n<meta name=\"twitter:creator\" content=\"@assomo5\" \/>\n<meta name=\"twitter:site\" content=\"@assomo5\" \/>\n<meta name=\"twitter:label1\" content=\"\u00c9crit par\" \/>\n\t<meta name=\"twitter:data1\" content=\"Philippe Dubois\" \/>\n\t<meta name=\"twitter:label2\" content=\"Dur\u00e9e de lecture estim\u00e9e\" \/>\n\t<meta name=\"twitter:data2\" content=\"7 minutes\" \/>\n<script type=\"application\/ld+json\" class=\"yoast-schema-graph\">{\"@context\":\"https:\\\/\\\/schema.org\",\"@graph\":[{\"@type\":\"Article\",\"@id\":\"https:\\\/\\\/mo5.com\\\/micral-article1\\\/#article\",\"isPartOf\":{\"@id\":\"https:\\\/\\\/mo5.com\\\/micral-article1\\\/\"},\"author\":{\"name\":\"Philippe Dubois\",\"@id\":\"https:\\\/\\\/mo5.com\\\/#\\\/schema\\\/person\\\/c389d0a47ac596b1fd688078cc054924\"},\"headline\":\"Acquisition du Micral N par l&#8217;association MO5\",\"datePublished\":\"2023-02-08T11:23:22+00:00\",\"dateModified\":\"2023-12-04T16:07:11+00:00\",\"mainEntityOfPage\":{\"@id\":\"https:\\\/\\\/mo5.com\\\/micral-article1\\\/\"},\"wordCount\":1076,\"publisher\":{\"@id\":\"https:\\\/\\\/mo5.com\\\/#organization\"},\"image\":{\"@id\":\"https:\\\/\\\/mo5.com\\\/micral-article1\\\/#primaryimage\"},\"thumbnailUrl\":\"https:\\\/\\\/mo5.com\\\/wp-content\\\/uploads\\\/2021\\\/06\\\/Micral-43-scaled.jpg\",\"articleSection\":[\"G\u00e9n\u00e9ral\",\"Micral\"],\"inLanguage\":\"fr-FR\"},{\"@type\":\"WebPage\",\"@id\":\"https:\\\/\\\/mo5.com\\\/micral-article1\\\/\",\"url\":\"https:\\\/\\\/mo5.com\\\/micral-article1\\\/\",\"name\":\"Acquisition du Micral N par l'association MO5 - MO5.COM\",\"isPartOf\":{\"@id\":\"https:\\\/\\\/mo5.com\\\/#website\"},\"primaryImageOfPage\":{\"@id\":\"https:\\\/\\\/mo5.com\\\/micral-article1\\\/#primaryimage\"},\"image\":{\"@id\":\"https:\\\/\\\/mo5.com\\\/micral-article1\\\/#primaryimage\"},\"thumbnailUrl\":\"https:\\\/\\\/mo5.com\\\/wp-content\\\/uploads\\\/2021\\\/06\\\/Micral-43-scaled.jpg\",\"datePublished\":\"2023-02-08T11:23:22+00:00\",\"dateModified\":\"2023-12-04T16:07:11+00:00\",\"breadcrumb\":{\"@id\":\"https:\\\/\\\/mo5.com\\\/micral-article1\\\/#breadcrumb\"},\"inLanguage\":\"fr-FR\",\"potentialAction\":[{\"@type\":\"ReadAction\",\"target\":[\"https:\\\/\\\/mo5.com\\\/micral-article1\\\/\"]}]},{\"@type\":\"ImageObject\",\"inLanguage\":\"fr-FR\",\"@id\":\"https:\\\/\\\/mo5.com\\\/micral-article1\\\/#primaryimage\",\"url\":\"https:\\\/\\\/mo5.com\\\/wp-content\\\/uploads\\\/2021\\\/06\\\/Micral-43-scaled.jpg\",\"contentUrl\":\"https:\\\/\\\/mo5.com\\\/wp-content\\\/uploads\\\/2021\\\/06\\\/Micral-43-scaled.jpg\",\"width\":2560,\"height\":1920,\"caption\":\"Micral 43\"},{\"@type\":\"BreadcrumbList\",\"@id\":\"https:\\\/\\\/mo5.com\\\/micral-article1\\\/#breadcrumb\",\"itemListElement\":[{\"@type\":\"ListItem\",\"position\":1,\"name\":\"Accueil\",\"item\":\"https:\\\/\\\/mo5.com\\\/\"},{\"@type\":\"ListItem\",\"position\":2,\"name\":\"Acquisition du Micral N par l&#8217;association MO5\"}]},{\"@type\":\"WebSite\",\"@id\":\"https:\\\/\\\/mo5.com\\\/#website\",\"url\":\"https:\\\/\\\/mo5.com\\\/\",\"name\":\"MO5.COM\",\"description\":\"Pr\u00e9server, explorer, rejouer\",\"publisher\":{\"@id\":\"https:\\\/\\\/mo5.com\\\/#organization\"},\"potentialAction\":[{\"@type\":\"SearchAction\",\"target\":{\"@type\":\"EntryPoint\",\"urlTemplate\":\"https:\\\/\\\/mo5.com\\\/?s={search_term_string}\"},\"query-input\":{\"@type\":\"PropertyValueSpecification\",\"valueRequired\":true,\"valueName\":\"search_term_string\"}}],\"inLanguage\":\"fr-FR\"},{\"@type\":\"Organization\",\"@id\":\"https:\\\/\\\/mo5.com\\\/#organization\",\"name\":\"Association MO5.COM\",\"url\":\"https:\\\/\\\/mo5.com\\\/\",\"logo\":{\"@type\":\"ImageObject\",\"inLanguage\":\"fr-FR\",\"@id\":\"https:\\\/\\\/mo5.com\\\/#\\\/schema\\\/logo\\\/image\\\/\",\"url\":\"https:\\\/\\\/mo5.com\\\/wp-content\\\/uploads\\\/2023\\\/10\\\/Logo_MO5_A_Colo_Texte_Bleu-e1697059504554.png\",\"contentUrl\":\"https:\\\/\\\/mo5.com\\\/wp-content\\\/uploads\\\/2023\\\/10\\\/Logo_MO5_A_Colo_Texte_Bleu-e1697059504554.png\",\"width\":2094,\"height\":559,\"caption\":\"Association MO5.COM\"},\"image\":{\"@id\":\"https:\\\/\\\/mo5.com\\\/#\\\/schema\\\/logo\\\/image\\\/\"},\"sameAs\":[\"https:\\\/\\\/www.facebook.com\\\/pages\\\/Association-MO5COM\\\/9540357570\",\"https:\\\/\\\/x.com\\\/assomo5\",\"http:\\\/\\\/www.instagram.com\\\/assomo5\",\"https:\\\/\\\/www.youtube.com\\\/channel\\\/UCRncMsBo89C9u_8gpWnsOVw\\\/featured\",\"https:\\\/\\\/bsky.app\\\/profile\\\/assomo5.bsky.social\",\"https:\\\/\\\/twitch.tv\\\/mo5assoretro\"]},{\"@type\":\"Person\",\"@id\":\"https:\\\/\\\/mo5.com\\\/#\\\/schema\\\/person\\\/c389d0a47ac596b1fd688078cc054924\",\"name\":\"Philippe Dubois\",\"image\":{\"@type\":\"ImageObject\",\"inLanguage\":\"fr-FR\",\"@id\":\"https:\\\/\\\/secure.gravatar.com\\\/avatar\\\/3a534a9c352e6ed7f37634e003a6f697bae2d2c12f8a8ff7030738791af9c1ac?s=96&d=mm&r=g\",\"url\":\"https:\\\/\\\/secure.gravatar.com\\\/avatar\\\/3a534a9c352e6ed7f37634e003a6f697bae2d2c12f8a8ff7030738791af9c1ac?s=96&d=mm&r=g\",\"contentUrl\":\"https:\\\/\\\/secure.gravatar.com\\\/avatar\\\/3a534a9c352e6ed7f37634e003a6f697bae2d2c12f8a8ff7030738791af9c1ac?s=96&d=mm&r=g\",\"caption\":\"Philippe Dubois\"},\"url\":\"https:\\\/\\\/mo5.com\\\/fr\\\/author\\\/prez\\\/\"}]}<\/script>\n<!-- \/ Yoast SEO plugin. -->","yoast_head_json":{"title":"Acquisition du Micral N par l'association MO5 - MO5.COM","robots":{"index":"index","follow":"follow","max-snippet":"max-snippet:-1","max-image-preview":"max-image-preview:large","max-video-preview":"max-video-preview:-1"},"canonical":"https:\/\/mo5.com\/fr\/micral-article1\/","og_locale":"fr_FR","og_type":"article","og_title":"Acquisition du Micral N par l'association MO5 - MO5.COM","og_description":"L'aventure commence ! Par Philippe Dubois, Pr\u00e9sident. Bonjour et bienvenue sur le premier article consacr\u00e9 \u00e0 l'aventure du Micral N et sa restauration par l'association MO5 ! Pour ce premier article, voici le r\u00e9cit et les photos de l'acquisition du Micral N aupr\u00e8s du vendeur par l'association MO5. C'est le 20 janvier 2021 que nous avons re\u00e7u un mail extraordinaire, qu'il nous a fallu relire plusieurs fois pour \u00eatre certains de ne pas r\u00eaver : \"Bonjour, Je vous contacte car je suis en possession d\u2019un ordinateur Micral. Je souhaite le vendre et j\u2019ai pens\u00e9 \u00e0 votre asso pour des raisons de patrimoine et de votre engagement. Je crois me souvenir que lors de la vente aux ench\u00e8res de 2017 pour la m\u00eame machine s\u00fbrement plus compl\u00e8te vous n\u2019avez pas pu suivre cet am\u00e9ricain !! Je souhaite avant d\u2019envisager une ench\u00e8re privil\u00e9gier le dialogue avec vous. Si cela vous int\u00e9resse\u00a0je vous laisse mes coordonn\u00e9es afin d\u2019en discuter de vive voix. Bonne journ\u00e9e, Christophe xx\" (NDLR: nous ne nommerons le vendeur que par son pr\u00e9nom, selon son souhait) J'ai moi-m\u00eame r\u00e9pondu imm\u00e9diatement aux autres responsables de l'association, qui venaient eux aussi de recevoir l\u2019e-mail, que j'allais contacter le vendeur imm\u00e9diatement. En effet, le jour m\u00eame et un peu f\u00e9brile, j'appelle la personne en question, et l'acquisition est d\u00e9j\u00e0 en cours. Pour rappel, l\u2019association MO5 et le Micral N, c\u2019est une longue histoire d\u2019amour. C\u2019est une premi\u00e8re rencontre en 1999 \u00e0 Paris lorsque son inventeur, Fran\u00e7ois Gernelle, m'a invit\u00e9 \u00e0 une conf\u00e9rence de presse pour faire une d\u00e9monstration de son exemplaire personnel du Micral N, dont il fait don en 2006 au Mus\u00e9e des Arts et M\u00e9tiers. Puis en 2006, l\u2019association MO5 sous l'impulsion de Jean-Fran\u00e7ois Del Nero, notre \u00e9lectronicien en chef, a voulu \u00e9tudier l\u2019exemplaire appartenant \u00e0 la Cit\u00e9 des Sciences, actuellement dans les collections du Mus\u00e9e des Confluences \u00e0 Lyon, afin d\u2019en comprendre le fonctionnement, malheureusement sans possibilit\u00e9 d'y acc\u00e9der. En 2017, la bienveillante communaut\u00e9 fran\u00e7aise de collectionneurs a averti l'association MO5 qu'une vente aux ench\u00e8res d\u2019un Micral N accompagn\u00e9 de nombreux accessoires et documentations allait avoir lieu au ch\u00e2teau d\u2019Artigny. L\u2019association a d\u00e9cid\u00e9 de participer \u00e0 l\u2019ench\u00e8re et a contact\u00e9 plusieurs personnalit\u00e9s influentes du num\u00e9rique fran\u00e7ais afin d\u2019obtenir un soutien financier. Malheureusement pour le patrimoine fran\u00e7ais, cet exemplaire a \u00e9t\u00e9 vendu pr\u00e8s de 50 000 \u20ac au cofondateur de la soci\u00e9t\u00e9 Microsoft, Paul Allen, puis exp\u00e9di\u00e9 \u00e0 Seattle. Paul Allen a ensuite donn\u00e9 ce Micral N au Living Computer Museum de Seattle. Un an plus tard, malheureusement, M. Allen nous a quitt\u00e9s. Sa fille reprenant les affaires de son p\u00e8re, elle a d\u00e9cid\u00e9 de couper les vivres au mus\u00e9e. Actuellement, l'exemplaire de Micral N envoy\u00e9 \u00e0 Seattle est introuvable, dans un \u00e9tat inconnu. Il est peut-\u00eatre tout aussi bien perdu. C'est donc pour l'association une formidable opportunit\u00e9 d'avoir re\u00e7u cette offre pour acqu\u00e9rir et restaurer nous-m\u00eames un exemplaire de Micral N. Le p\u00e8re du vendeur, dont la soci\u00e9t\u00e9 si\u00e9geait \u00e0 deux pas de la R2E, avait appris \u00e0 l\u2019\u00e9poque lors d\u2019une conversation l\u2019existence de ce micro-ordinateur, et pourquoi il \u00e9tait r\u00e9volutionnaire. Il avait donc achet\u00e9 un exemplaire du Micral N [&hellip;]","og_url":"https:\/\/mo5.com\/fr\/micral-article1\/","og_site_name":"MO5.COM","article_publisher":"https:\/\/www.facebook.com\/pages\/Association-MO5COM\/9540357570","article_published_time":"2023-02-08T11:23:22+00:00","article_modified_time":"2023-12-04T16:07:11+00:00","og_image":[{"width":2560,"height":1920,"url":"https:\/\/mo5.com\/wp-content\/uploads\/2021\/06\/Micral-43-scaled.jpg","type":"image\/jpeg"}],"author":"Philippe Dubois","twitter_card":"summary_large_image","twitter_creator":"@assomo5","twitter_site":"@assomo5","twitter_misc":{"\u00c9crit par":"Philippe Dubois","Dur\u00e9e de lecture estim\u00e9e":"7 minutes"},"schema":{"@context":"https:\/\/schema.org","@graph":[{"@type":"Article","@id":"https:\/\/mo5.com\/micral-article1\/#article","isPartOf":{"@id":"https:\/\/mo5.com\/micral-article1\/"},"author":{"name":"Philippe Dubois","@id":"https:\/\/mo5.com\/#\/schema\/person\/c389d0a47ac596b1fd688078cc054924"},"headline":"Acquisition du Micral N par l&#8217;association MO5","datePublished":"2023-02-08T11:23:22+00:00","dateModified":"2023-12-04T16:07:11+00:00","mainEntityOfPage":{"@id":"https:\/\/mo5.com\/micral-article1\/"},"wordCount":1076,"publisher":{"@id":"https:\/\/mo5.com\/#organization"},"image":{"@id":"https:\/\/mo5.com\/micral-article1\/#primaryimage"},"thumbnailUrl":"https:\/\/mo5.com\/wp-content\/uploads\/2021\/06\/Micral-43-scaled.jpg","articleSection":["G\u00e9n\u00e9ral","Micral"],"inLanguage":"fr-FR"},{"@type":"WebPage","@id":"https:\/\/mo5.com\/micral-article1\/","url":"https:\/\/mo5.com\/micral-article1\/","name":"Acquisition du Micral N par l'association MO5 - MO5.COM","isPartOf":{"@id":"https:\/\/mo5.com\/#website"},"primaryImageOfPage":{"@id":"https:\/\/mo5.com\/micral-article1\/#primaryimage"},"image":{"@id":"https:\/\/mo5.com\/micral-article1\/#primaryimage"},"thumbnailUrl":"https:\/\/mo5.com\/wp-content\/uploads\/2021\/06\/Micral-43-scaled.jpg","datePublished":"2023-02-08T11:23:22+00:00","dateModified":"2023-12-04T16:07:11+00:00","breadcrumb":{"@id":"https:\/\/mo5.com\/micral-article1\/#breadcrumb"},"inLanguage":"fr-FR","potentialAction":[{"@type":"ReadAction","target":["https:\/\/mo5.com\/micral-article1\/"]}]},{"@type":"ImageObject","inLanguage":"fr-FR","@id":"https:\/\/mo5.com\/micral-article1\/#primaryimage","url":"https:\/\/mo5.com\/wp-content\/uploads\/2021\/06\/Micral-43-scaled.jpg","contentUrl":"https:\/\/mo5.com\/wp-content\/uploads\/2021\/06\/Micral-43-scaled.jpg","width":2560,"height":1920,"caption":"Micral 43"},{"@type":"BreadcrumbList","@id":"https:\/\/mo5.com\/micral-article1\/#breadcrumb","itemListElement":[{"@type":"ListItem","position":1,"name":"Accueil","item":"https:\/\/mo5.com\/"},{"@type":"ListItem","position":2,"name":"Acquisition du Micral N par l&#8217;association MO5"}]},{"@type":"WebSite","@id":"https:\/\/mo5.com\/#website","url":"https:\/\/mo5.com\/","name":"MO5.COM","description":"Pr\u00e9server, explorer, rejouer","publisher":{"@id":"https:\/\/mo5.com\/#organization"},"potentialAction":[{"@type":"SearchAction","target":{"@type":"EntryPoint","urlTemplate":"https:\/\/mo5.com\/?s={search_term_string}"},"query-input":{"@type":"PropertyValueSpecification","valueRequired":true,"valueName":"search_term_string"}}],"inLanguage":"fr-FR"},{"@type":"Organization","@id":"https:\/\/mo5.com\/#organization","name":"Association MO5.COM","url":"https:\/\/mo5.com\/","logo":{"@type":"ImageObject","inLanguage":"fr-FR","@id":"https:\/\/mo5.com\/#\/schema\/logo\/image\/","url":"https:\/\/mo5.com\/wp-content\/uploads\/2023\/10\/Logo_MO5_A_Colo_Texte_Bleu-e1697059504554.png","contentUrl":"https:\/\/mo5.com\/wp-content\/uploads\/2023\/10\/Logo_MO5_A_Colo_Texte_Bleu-e1697059504554.png","width":2094,"height":559,"caption":"Association MO5.COM"},"image":{"@id":"https:\/\/mo5.com\/#\/schema\/logo\/image\/"},"sameAs":["https:\/\/www.facebook.com\/pages\/Association-MO5COM\/9540357570","https:\/\/x.com\/assomo5","http:\/\/www.instagram.com\/assomo5","https:\/\/www.youtube.com\/channel\/UCRncMsBo89C9u_8gpWnsOVw\/featured","https:\/\/bsky.app\/profile\/assomo5.bsky.social","https:\/\/twitch.tv\/mo5assoretro"]},{"@type":"Person","@id":"https:\/\/mo5.com\/#\/schema\/person\/c389d0a47ac596b1fd688078cc054924","name":"Philippe Dubois","image":{"@type":"ImageObject","inLanguage":"fr-FR","@id":"https:\/\/secure.gravatar.com\/avatar\/3a534a9c352e6ed7f37634e003a6f697bae2d2c12f8a8ff7030738791af9c1ac?s=96&d=mm&r=g","url":"https:\/\/secure.gravatar.com\/avatar\/3a534a9c352e6ed7f37634e003a6f697bae2d2c12f8a8ff7030738791af9c1ac?s=96&d=mm&r=g","contentUrl":"https:\/\/secure.gravatar.com\/avatar\/3a534a9c352e6ed7f37634e003a6f697bae2d2c12f8a8ff7030738791af9c1ac?s=96&d=mm&r=g","caption":"Philippe Dubois"},"url":"https:\/\/mo5.com\/fr\/author\/prez\/"}]}},"_links":{"self":[{"href":"https:\/\/mo5.com\/fr\/wp-json\/wp\/v2\/posts\/384","targetHints":{"allow":["GET"]}}],"collection":[{"href":"https:\/\/mo5.com\/fr\/wp-json\/wp\/v2\/posts"}],"about":[{"href":"https:\/\/mo5.com\/fr\/wp-json\/wp\/v2\/types\/post"}],"author":[{"embeddable":true,"href":"https:\/\/mo5.com\/fr\/wp-json\/wp\/v2\/users\/4"}],"replies":[{"embeddable":true,"href":"https:\/\/mo5.com\/fr\/wp-json\/wp\/v2\/comments?post=384"}],"version-history":[{"count":0,"href":"https:\/\/mo5.com\/fr\/wp-json\/wp\/v2\/posts\/384\/revisions"}],"wp:featuredmedia":[{"embeddable":true,"href":"https:\/\/mo5.com\/fr\/wp-json\/wp\/v2\/media\/19381"}],"wp:attachment":[{"href":"https:\/\/mo5.com\/fr\/wp-json\/wp\/v2\/media?parent=384"}],"wp:term":[{"taxonomy":"category","embeddable":true,"href":"https:\/\/mo5.com\/fr\/wp-json\/wp\/v2\/categories?post=384"},{"taxonomy":"post_tag","embeddable":true,"href":"https:\/\/mo5.com\/fr\/wp-json\/wp\/v2\/tags?post=384"}],"curies":[{"name":"wp","href":"https:\/\/api.w.org\/{rel}","templated":true}]}}