{"id":5300,"date":"2017-09-15T01:30:00","date_gmt":"2017-09-15T00:30:00","guid":{"rendered":"https:\/\/mo5.fr\/mag\/podcasts\/podcast_40.mp3"},"modified":"2023-10-12T09:52:02","modified_gmt":"2023-10-12T07:52:02","slug":"podcast-40-la-nintendo-64-a-20-ans-en-france","status":"publish","type":"post","link":"https:\/\/mo5.com\/fr\/podcast-40-la-nintendo-64-a-20-ans-en-france\/","title":{"rendered":"Podcast #40 &#8211; La Nintendo 64 a 20 ans en France"},"content":{"rendered":"<div itemscope itemtype=\"http:\/\/schema.org\/AudioObject\"><meta itemprop=\"name\" content=\"Podcast #40 &amp;#8211; La Nintendo 64 a 20 ans en France\" \/><meta itemprop=\"uploadDate\" content=\"2017-09-15T01:30:00+02:00\" \/><meta itemprop=\"encodingFormat\" content=\"audio\/mpeg\" \/><meta itemprop=\"duration\" content=\"PT3H04M23S\" \/><meta itemprop=\"description\" content=\"Avec Mathieu Manent\" \/><meta itemprop=\"contentUrl\" content=\"https:\/\/mo5.com\/mag\/podcasts\/podcast_40.mp3\" \/><meta itemprop=\"contentSize\" content=\"168.8\" \/><div class=\"powerpress_player\" id=\"powerpress_player_2973\"><audio class=\"wp-audio-shortcode\" id=\"audio-5300-1\" preload=\"none\" style=\"width: 100%;\" controls=\"controls\"><source type=\"audio\/mpeg\" src=\"https:\/\/mo5.com\/mag\/podcasts\/podcast_40.mp3?_=1\" \/><a href=\"https:\/\/mo5.com\/mag\/podcasts\/podcast_40.mp3\">https:\/\/mo5.com\/mag\/podcasts\/podcast_40.mp3<\/a><\/audio><\/div><\/div><p class=\"powerpress_links powerpress_links_mp3\" style=\"margin-bottom: 1px !important;\">Podcast: <a href=\"https:\/\/mo5.com\/mag\/podcasts\/podcast_40.mp3\" class=\"powerpress_link_pinw\" target=\"_blank\" title=\"Play in new window\" onclick=\"return powerpress_pinw('https:\/\/mo5.com\/fr\/?powerpress_pinw=5300-podcast');\" rel=\"nofollow\">Play in new window<\/a> | <a href=\"https:\/\/mo5.com\/mag\/podcasts\/podcast_40.mp3\" class=\"powerpress_link_d\" title=\"Download\" rel=\"nofollow\" download=\"podcast_40.mp3\">Download<\/a><\/p><p class=\"powerpress_links powerpress_subscribe_links\">Subscribe: <a href=\"https:\/\/itunes.apple.com\/us\/podcast\/les-podcasts-de-mo5.com\/id507305154?ign-mpt=uo%3D4&amp;mt=2&amp;ls=1#episodeGuid=https%3A%2F%2Fmo5.fr%2Fmag%2Fpodcasts%2Fpodcast_40.mp3\" class=\"powerpress_link_subscribe powerpress_link_subscribe_itunes\" target=\"_blank\" title=\"Subscribe on Apple Podcasts\" rel=\"nofollow\">Apple Podcasts<\/a> | <a href=\"https:\/\/open.spotify.com\/show\/5ctg2KmlJjZlDCdmW8Z5wj\" class=\"powerpress_link_subscribe powerpress_link_subscribe_spotify\" target=\"_blank\" title=\"Subscribe on Spotify\" rel=\"nofollow\">Spotify<\/a> | <a href=\"https:\/\/mo5.com\/fr\/feed\/podcast\/\" class=\"powerpress_link_subscribe powerpress_link_subscribe_rss\" target=\"_blank\" title=\"Subscribe via RSS\" rel=\"nofollow\">RSS<\/a><\/p><div id=\"pl-5300\" class=\"panel-layout\">\n<div id=\"pg-5300-0\" class=\"panel-grid panel-no-style\">\n<div id=\"pgc-5300-0-0\" class=\"panel-grid-cell\" data-weight=\"1\">\n<div id=\"panel-5300-0-0-0\" class=\"so-panel widget widget_sow-editor panel-first-child\" data-index=\"0\" data-style=\"{&quot;background_image_attachment&quot;:false,&quot;background_display&quot;:&quot;tile&quot;,&quot;animation_offset&quot;:&quot;10&quot;,&quot;animation_iteration&quot;:&quot;1&quot;}\">\n<div class=\"so-widget-sow-editor so-widget-sow-editor-base\">\n<div class=\"siteorigin-widget-tinymce textwidget\">\n<p>Si ce nouveau num\u00e9ro des\u00a0<em><strong>Podcasts de MO5.COM<\/strong><\/em>\u00a0n\u2019arrive \u00ab\u00a0que\u00a0\u00bb deux mois apr\u00e8s\u00a0<a href=\"https:\/\/mag.mo5.com\/a-la-une\/118055\/les-podcasts-de-mo5-com-39-metal-gear-a-30-ans\/\" target=\"_blank\" rel=\"noopener noreferrer\">le pr\u00e9c\u00e9dent<\/a>, nous avions pr\u00e9vu de le faire bien plus t\u00f4t comme en t\u00e9moigne le choix de l\u2019anniversaire\u00a0fran\u00e7aisde la\u00a0<strong>Nintendo\u00a064<\/strong>, arriv\u00e9e en dernier dans l\u2019Hexagone. Il faut dire que nous avons fait venir sur Paris pour l\u2019occasion\u00a0<strong>Mathieu Manent<\/strong>, auteur (entre autres) de\u00a0<a href=\"https:\/\/mag.mo5.com\/actu\/53619\/livre-nintendo-64-anthologie-disponible\/\" target=\"_blank\" rel=\"noopener noreferrer\"><em><strong>Nintendo\u00a064 Anthologie<\/strong><\/em><\/a>\u00a0et qui nous d\u00e9voile d\u2019ailleurs quelques scoops sur\u00a0<strong>Geeks-Line<\/strong>\u2026 Mais il nous fallait imp\u00e9rativement un sp\u00e9cialiste pour aborder cette console qui a beaucoup divis\u00e9 les joueurs, les fans inconditionnels de\u00a0<strong>Nintendo<\/strong>\u00a0d\u2019un c\u00f4t\u00e9 et ceux qui avaient pr\u00e9f\u00e9r\u00e9 la 16-bit du constructeur pour son catalogue riche en jeux d\u2019\u00e9diteurs tiers. N\u00e9anmoins, rarement une machine n\u2019aura aussi bien illustr\u00e9 l\u2019adage selon lequel la qualit\u00e9 prime sur la quantit\u00e9, avec pas moins de 45\u00a0<em>million sellers<\/em>\u00a0dans sa ludoth\u00e8que\u00a0! On aborde justement des titres r\u00e9volutionnaires comme\u00a0<em><strong><a href=\"https:\/\/mag.mo5.com\/actu\/68848\/en-avril-sur-console-virtuelle-6\/\" target=\"_blank\" rel=\"noopener noreferrer\">Super Mario\u00a064<\/a><\/strong><\/em>,\u00a0<a href=\"https:\/\/mag.mo5.com\/actu\/83575\/en-decembre-sur-console-virtuelle-6\/\" target=\"_blank\" rel=\"noopener noreferrer\"><em><strong>Wave Race\u00a064<\/strong><\/em><\/a>,\u00a0<a href=\"https:\/\/mag.mo5.com\/actu\/81284\/les-podcasts-de-mo5-com-34-james-bond-et-les-jeux-video\/\" target=\"_blank\" rel=\"noopener noreferrer\"><em><strong>GoldenEye 007<\/strong><\/em><\/a>\u00a0ou encore\u00a0<a href=\"https:\/\/mag.mo5.com\/actu\/74247\/en-juillet-sur-console-virtuelle-5\/\" target=\"_blank\" rel=\"noopener noreferrer\"><em><strong>Ocarina of Time<\/strong><\/em><\/a>, mais aussi un jeu tristement c\u00e9l\u00e8bre sign\u00e9\u00a0<strong>Titus<\/strong>\u00a0en plus d\u2019\u00e9voquer bien s\u00fbr la gen\u00e8se difficile de la console\u2026 Enfin, ce podcast marque un double retour, celui de\u00a0<strong>Belasco<\/strong>\u00a0et des \u00e9missions de longue dur\u00e9e\u00a0!<\/p>\n<div id=\"attachment_122292\" class=\"wp-caption aligncenter\">\n<p><a href=\"https:\/\/mag.mo5.com\/a-la-une\/122290\/les-podcasts-de-mo5-com-40-la-nintendo-64-a-20-ans\/\"><img loading=\"lazy\" decoding=\"async\" class=\"wp-image-122292\" title=\"De gauche \u00e0 droite : Jean-S\u00e9bastien Brugalat, Mathieu Manent, Sseb22 et Apo\" src=\"https:\/\/mag.mo5.com\/wp-content\/uploads\/2017\/09\/podcast_40.jpg\"  sizes=\"(max-width: 530px) 100vw, 530px\" srcset=\"https:\/\/mag.mo5.com\/wp-content\/uploads\/2017\/09\/podcast_40.jpg 600w, https:\/\/mag.mo5.com\/wp-content\/uploads\/2017\/09\/podcast_40-300x185.jpg 300w\" alt=\"De gauche \u00e0 droite : Jean-S\u00e9bastien Brugalat, Mathieu Manent, Sseb22 et Apo\" width=\"530\" height=\"326\" \/><\/a><\/p>\n<p class=\"wp-caption-text\">De gauche \u00e0 droite : Jean-S\u00e9bastien Brugalat, Mathieu Manent, Sseb22 et Apo<\/p>\n<\/div>\n<p>Les participants de ce podcast sont :<\/p>\n<ul>\n<li><strong>Mathieu Manent<\/strong>, auteur du livre\u00a0<a href=\"https:\/\/mag.mo5.com\/actu\/53619\/livre-nintendo-64-anthologie-disponible\/\" target=\"_blank\" rel=\"noopener noreferrer\"><em><strong>Nintendo\u00a064 Anthologie<\/strong><\/em><\/a>\u00a0chez \u00a0<strong>Geeks-Line<\/strong><\/li>\n<li><strong>SSeb22<\/strong>, auteur de\u00a0<a href=\"https:\/\/docs.google.com\/file\/d\/0B17BGxdBuILzYTM1ZmMyZTMtNmQ3OC00YTk4LTgzN2MtNTBjY2Y5ODg0NTJj\/edit?hl=en_US\" target=\"_blank\" rel=\"noopener noreferrer\"><em>Ma \u00ab carri\u00e8re \u00bb de joueur<\/em><\/a>,\u00a0<a href=\"https:\/\/www.gameblog.fr\/mygameblog\/923_sseb22\/articles\" target=\"_blank\" rel=\"noopener noreferrer\">gamebloggeur<\/a>\u00a0et\u00a0<a href=\"https:\/\/www.senscritique.com\/sseb22\/critiques\/jeux\/publication?\" target=\"_blank\" rel=\"noopener noreferrer\">testeur prolifique<\/a><\/li>\n<li><strong>Apo<\/strong>, responsable de la collection magazines et troll officiel de MO5.COM<\/li>\n<li><strong>Guillaume Verdin<\/strong>, responsable \u00e9ditorial du Mag qui traite de l\u2019actualit\u00e9 du\u00a0<em>retrogaming<\/em><\/li>\n<li>et\u00a0<strong>Jean-S\u00e9bastien Brugalat<\/strong>, Ultra-frustr\u00e9<\/li>\n<\/ul>\n<p><strong>En bonus :<\/strong>\u00a0Sont \u00e9voqu\u00e9s durant cette \u00e9mission\u00a0<a href=\"https:\/\/www.youtube.com\/watch?v=R1t6iNG28zI\" target=\"_blank\" rel=\"noopener noreferrer\">le\u00a0<strong>Mario<\/strong>\u00a0virtuel<\/a>\u00a0au\u00a0<strong>CES<\/strong>\u00a0d\u2019\u00e9t\u00e9 de 1992 et\u00a0<a href=\"https:\/\/www.youtube.com\/watch?v=a1z9HmDuYgs\" target=\"_blank\" rel=\"noopener noreferrer\">l\u2019hilarante vid\u00e9o promotionnelle<\/a>\u00a0(et mensong\u00e8re) du\u00a0<strong>Project Reality<\/strong>. On en profite aussi pour signaler la sortie r\u00e9cente de\u00a0<em><strong>Super Mario 64 Online<\/strong><\/em>, un\u00a0<em>hack<\/em>\u00a0du classique jouable \u00e0 24 et r\u00e9alis\u00e9 par\u00a0<strong><a class=\"external\" href=\"https:\/\/www.youtube.com\/channel\/UCuvSqzfO_LV_QzHdmEj84SQ\" target=\"_blank\" rel=\"noopener noreferrer\">Kaze Emanuar<\/a><\/strong>.\u00a0<strong>Nintendo<\/strong>\u00a0a fait supprimer la vid\u00e9o mais le lien de t\u00e9l\u00e9chargement se trouve encore.<\/p>\n<div class=\"important_block message-block alert alert-success\" role=\"alert\">\n<p class=\"first-p\"><strong>Erratum :\u00a0<\/strong>Durant l\u2019\u00e9mission, Guillaume affirme que\u00a0<em><strong>WipEout\u00a064<\/strong><\/em>\u00a0est l\u2019\u00e9pisode le plus vendu de la s\u00e9rie selon un article d\u2019<strong>Oscar Lemaire<\/strong>, disponible sur\u00a0<a href=\"https:\/\/www.gamekult.com\/actualite\/f-zero-est-il-condamne-a-l-abandon-152813.html\" target=\"_blank\" rel=\"noopener noreferrer\"><strong>Gamekult<\/strong><\/a>\u00a0mais r\u00e9serv\u00e9 aux abonn\u00e9s. En r\u00e9alit\u00e9, si les chiffres manquent concernant la licence, ce n\u2019est vrai\u00a0qu\u2019aux \u00c9tats-Unis et sur consoles de salon, ce qui corrobore d\u2019ailleurs ce qui est dit durant le podcast, \u00e0 savoir que la s\u00e9rie est surtout populaire en Europe.<\/p>\n<\/div>\n<\/div>\n<\/div>\n<\/div>\n<\/div>\n<\/div>\n<\/div>\n","protected":false},"excerpt":{"rendered":"<p>Si ce nouveau num\u00e9ro des\u00a0Podcasts de MO5.COM\u00a0n\u2019arrive \u00ab\u00a0que\u00a0\u00bb deux mois apr\u00e8s\u00a0le pr\u00e9c\u00e9dent, nous avions pr\u00e9vu de le faire bien plus t\u00f4t comme en t\u00e9moigne le choix de l\u2019anniversaire\u00a0fran\u00e7aisde la\u00a0Nintendo\u00a064, arriv\u00e9e en dernier dans l\u2019Hexagone. Il faut dire que nous avons fait venir sur Paris pour l\u2019occasion\u00a0Mathieu Manent, auteur (entre autres) de\u00a0Nintendo\u00a064 Anthologie\u00a0et qui nous d\u00e9voile d\u2019ailleurs quelques scoops sur\u00a0Geeks-Line\u2026 Mais il nous fallait imp\u00e9rativement un sp\u00e9cialiste pour aborder cette console qui a beaucoup divis\u00e9 les joueurs, les fans inconditionnels de\u00a0Nintendo\u00a0d\u2019un c\u00f4t\u00e9 et ceux qui avaient pr\u00e9f\u00e9r\u00e9 la 16-bit du constructeur pour son catalogue riche en jeux d\u2019\u00e9diteurs tiers. N\u00e9anmoins, rarement une machine n\u2019aura aussi bien illustr\u00e9 l\u2019adage selon lequel la qualit\u00e9 prime sur la quantit\u00e9, avec pas moins de 45\u00a0million sellers\u00a0dans sa ludoth\u00e8que\u00a0! On aborde justement des titres r\u00e9volutionnaires comme\u00a0Super Mario\u00a064,\u00a0Wave Race\u00a064,\u00a0GoldenEye 007\u00a0ou encore\u00a0Ocarina of Time, mais aussi un jeu tristement c\u00e9l\u00e8bre sign\u00e9\u00a0Titus\u00a0en plus d\u2019\u00e9voquer bien s\u00fbr la gen\u00e8se difficile de la console\u2026 Enfin, ce podcast marque un double retour, celui de\u00a0Belasco\u00a0et des \u00e9missions de longue dur\u00e9e\u00a0! De gauche \u00e0 droite : Jean-S\u00e9bastien Brugalat, Mathieu Manent, Sseb22 et Apo Les participants de ce podcast sont : Mathieu Manent, auteur du livre\u00a0Nintendo\u00a064 Anthologie\u00a0chez \u00a0Geeks-Line SSeb22, auteur de\u00a0Ma \u00ab carri\u00e8re \u00bb de joueur,\u00a0gamebloggeur\u00a0et\u00a0testeur prolifique Apo, responsable de la collection magazines et troll officiel de MO5.COM Guillaume Verdin, responsable \u00e9ditorial du Mag qui traite de l\u2019actualit\u00e9 du\u00a0retrogaming et\u00a0Jean-S\u00e9bastien Brugalat, Ultra-frustr\u00e9 En bonus :\u00a0Sont \u00e9voqu\u00e9s durant cette \u00e9mission\u00a0le\u00a0Mario\u00a0virtuel\u00a0au\u00a0CES\u00a0d\u2019\u00e9t\u00e9 de 1992 et\u00a0l\u2019hilarante vid\u00e9o promotionnelle\u00a0(et mensong\u00e8re) du\u00a0Project Reality. On en profite aussi pour signaler la sortie r\u00e9cente de\u00a0Super Mario 64 Online, un\u00a0hack\u00a0du classique jouable \u00e0 24 et r\u00e9alis\u00e9 par\u00a0Kaze Emanuar.\u00a0Nintendo\u00a0a fait supprimer la vid\u00e9o mais le lien de t\u00e9l\u00e9chargement se trouve encore. Erratum :\u00a0Durant l\u2019\u00e9mission, Guillaume affirme que\u00a0WipEout\u00a064\u00a0est l\u2019\u00e9pisode le plus vendu de la s\u00e9rie selon un article d\u2019Oscar Lemaire, disponible sur\u00a0Gamekult\u00a0mais r\u00e9serv\u00e9 aux abonn\u00e9s. En r\u00e9alit\u00e9, si les chiffres manquent concernant la licence, ce n\u2019est vrai\u00a0qu\u2019aux \u00c9tats-Unis et sur consoles de salon, ce qui corrobore d\u2019ailleurs ce qui est dit durant le podcast, \u00e0 savoir que la s\u00e9rie est surtout populaire en Europe.<\/p>\n","protected":false},"author":321,"featured_media":6007,"comment_status":"closed","ping_status":"closed","sticky":false,"template":"","format":"standard","meta":{"_acf_changed":false,"give_campaign_id":0,"footnotes":""},"categories":[107],"tags":[510,43,511,504,174],"class_list":["post-5300","post","type-post","status-publish","format-standard","has-post-thumbnail","hentry","category-podcast","tag-n64","tag-nintendo","tag-nintendo64","tag-podcast","tag-retrogaming"],"acf":[],"yoast_head":"<!-- This site is optimized with the Yoast SEO plugin v27.4 - https:\/\/yoast.com\/product\/yoast-seo-wordpress\/ -->\n<title>Podcast #40 - La Nintendo 64 a 20 ans en France - MO5.COM<\/title>\n<meta name=\"description\" content=\"Si ce nouveau num\u00e9ro des\u00a0Podcasts de MO5.COM\u00a0n\u2019arrive \u00ab\u00a0que\u00a0\u00bb deux mois apr\u00e8s\u00a0le pr\u00e9c\u00e9dent, nous avions pr\u00e9vu de le faire bien plus t\u00f4t comme en t\u00e9moigne le choix de l\u2019anniversaire\u00a0fran\u00e7aisde la\u00a0Nintendo\u00a064, arriv\u00e9e en dernier dans l\u2019Hexagone.\" \/>\n<meta name=\"robots\" content=\"index, follow, max-snippet:-1, max-image-preview:large, max-video-preview:-1\" \/>\n<link rel=\"canonical\" href=\"https:\/\/mo5.com\/fr\/podcast-40-la-nintendo-64-a-20-ans-en-france\/\" \/>\n<meta property=\"og:locale\" content=\"fr_FR\" \/>\n<meta property=\"og:type\" content=\"article\" \/>\n<meta property=\"og:title\" content=\"Podcast #40 - La Nintendo 64 a 20 ans en France - MO5.COM\" \/>\n<meta property=\"og:description\" content=\"Si ce nouveau num\u00e9ro des\u00a0Podcasts de MO5.COM\u00a0n\u2019arrive \u00ab\u00a0que\u00a0\u00bb deux mois apr\u00e8s\u00a0le pr\u00e9c\u00e9dent, nous avions pr\u00e9vu de le faire bien plus t\u00f4t comme en t\u00e9moigne le choix de l\u2019anniversaire\u00a0fran\u00e7aisde la\u00a0Nintendo\u00a064, arriv\u00e9e en dernier dans l\u2019Hexagone.\" \/>\n<meta property=\"og:url\" content=\"https:\/\/mo5.com\/fr\/podcast-40-la-nintendo-64-a-20-ans-en-france\/\" \/>\n<meta property=\"og:site_name\" content=\"MO5.COM\" \/>\n<meta property=\"article:publisher\" content=\"https:\/\/www.facebook.com\/pages\/Association-MO5COM\/9540357570\" \/>\n<meta property=\"article:published_time\" content=\"2017-09-15T00:30:00+00:00\" \/>\n<meta property=\"article:modified_time\" content=\"2023-10-12T07:52:02+00:00\" \/>\n<meta property=\"og:image\" content=\"https:\/\/mo5.com\/wp-content\/uploads\/2017\/09\/Podcast-40-1.jpg\" \/>\n\t<meta property=\"og:image:width\" content=\"1200\" \/>\n\t<meta property=\"og:image:height\" content=\"800\" \/>\n\t<meta property=\"og:image:type\" content=\"image\/jpeg\" \/>\n<meta name=\"author\" content=\"Vanessa Lambert\" \/>\n<meta name=\"twitter:card\" content=\"summary_large_image\" \/>\n<meta name=\"twitter:creator\" content=\"@assomo5\" \/>\n<meta name=\"twitter:site\" content=\"@assomo5\" \/>\n<meta name=\"twitter:label1\" content=\"\u00c9crit par\" \/>\n\t<meta name=\"twitter:data1\" content=\"Vanessa Lambert\" \/>\n\t<meta name=\"twitter:label2\" content=\"Dur\u00e9e de lecture estim\u00e9e\" \/>\n\t<meta name=\"twitter:data2\" content=\"3 minutes\" \/>\n<script type=\"application\/ld+json\" class=\"yoast-schema-graph\">{\"@context\":\"https:\\\/\\\/schema.org\",\"@graph\":[{\"@type\":\"Article\",\"@id\":\"https:\\\/\\\/mo5.com\\\/podcast-40-la-nintendo-64-a-20-ans-en-france\\\/#article\",\"isPartOf\":{\"@id\":\"https:\\\/\\\/mo5.com\\\/podcast-40-la-nintendo-64-a-20-ans-en-france\\\/\"},\"author\":{\"name\":\"Vanessa Lambert\",\"@id\":\"https:\\\/\\\/mo5.com\\\/#\\\/schema\\\/person\\\/699d40c98de376ea5f90a0e0c8fbbe03\"},\"headline\":\"Podcast #40 &#8211; La Nintendo 64 a 20 ans en France\",\"datePublished\":\"2017-09-15T00:30:00+00:00\",\"dateModified\":\"2023-10-12T07:52:02+00:00\",\"mainEntityOfPage\":{\"@id\":\"https:\\\/\\\/mo5.com\\\/podcast-40-la-nintendo-64-a-20-ans-en-france\\\/\"},\"wordCount\":444,\"publisher\":{\"@id\":\"https:\\\/\\\/mo5.com\\\/#organization\"},\"image\":{\"@id\":\"https:\\\/\\\/mo5.com\\\/podcast-40-la-nintendo-64-a-20-ans-en-france\\\/#primaryimage\"},\"thumbnailUrl\":\"https:\\\/\\\/mo5.com\\\/wp-content\\\/uploads\\\/2017\\\/09\\\/Podcast-40-1.jpg\",\"keywords\":[\"n64\",\"nintendo\",\"nintendo64\",\"podcast\",\"retrogaming\"],\"articleSection\":[\"Podcasts\"],\"inLanguage\":\"fr-FR\"},{\"@type\":\"WebPage\",\"@id\":\"https:\\\/\\\/mo5.com\\\/podcast-40-la-nintendo-64-a-20-ans-en-france\\\/\",\"url\":\"https:\\\/\\\/mo5.com\\\/podcast-40-la-nintendo-64-a-20-ans-en-france\\\/\",\"name\":\"Podcast #40 - La Nintendo 64 a 20 ans en France - MO5.COM\",\"isPartOf\":{\"@id\":\"https:\\\/\\\/mo5.com\\\/#website\"},\"primaryImageOfPage\":{\"@id\":\"https:\\\/\\\/mo5.com\\\/podcast-40-la-nintendo-64-a-20-ans-en-france\\\/#primaryimage\"},\"image\":{\"@id\":\"https:\\\/\\\/mo5.com\\\/podcast-40-la-nintendo-64-a-20-ans-en-france\\\/#primaryimage\"},\"thumbnailUrl\":\"https:\\\/\\\/mo5.com\\\/wp-content\\\/uploads\\\/2017\\\/09\\\/Podcast-40-1.jpg\",\"datePublished\":\"2017-09-15T00:30:00+00:00\",\"dateModified\":\"2023-10-12T07:52:02+00:00\",\"description\":\"Si ce nouveau num\u00e9ro des\u00a0Podcasts de MO5.COM\u00a0n\u2019arrive \u00ab\u00a0que\u00a0\u00bb deux mois apr\u00e8s\u00a0le pr\u00e9c\u00e9dent, nous avions pr\u00e9vu de le faire bien plus t\u00f4t comme en t\u00e9moigne le choix de l\u2019anniversaire\u00a0fran\u00e7aisde la\u00a0Nintendo\u00a064, arriv\u00e9e en dernier dans l\u2019Hexagone.\",\"breadcrumb\":{\"@id\":\"https:\\\/\\\/mo5.com\\\/podcast-40-la-nintendo-64-a-20-ans-en-france\\\/#breadcrumb\"},\"inLanguage\":\"fr-FR\",\"potentialAction\":[{\"@type\":\"ReadAction\",\"target\":[\"https:\\\/\\\/mo5.com\\\/podcast-40-la-nintendo-64-a-20-ans-en-france\\\/\"]}]},{\"@type\":\"ImageObject\",\"inLanguage\":\"fr-FR\",\"@id\":\"https:\\\/\\\/mo5.com\\\/podcast-40-la-nintendo-64-a-20-ans-en-france\\\/#primaryimage\",\"url\":\"https:\\\/\\\/mo5.com\\\/wp-content\\\/uploads\\\/2017\\\/09\\\/Podcast-40-1.jpg\",\"contentUrl\":\"https:\\\/\\\/mo5.com\\\/wp-content\\\/uploads\\\/2017\\\/09\\\/Podcast-40-1.jpg\",\"width\":1350,\"height\":900},{\"@type\":\"BreadcrumbList\",\"@id\":\"https:\\\/\\\/mo5.com\\\/podcast-40-la-nintendo-64-a-20-ans-en-france\\\/#breadcrumb\",\"itemListElement\":[{\"@type\":\"ListItem\",\"position\":1,\"name\":\"Accueil\",\"item\":\"https:\\\/\\\/mo5.com\\\/\"},{\"@type\":\"ListItem\",\"position\":2,\"name\":\"Podcast #40 &#8211; La Nintendo 64 a 20 ans en France\"}]},{\"@type\":\"WebSite\",\"@id\":\"https:\\\/\\\/mo5.com\\\/#website\",\"url\":\"https:\\\/\\\/mo5.com\\\/\",\"name\":\"MO5.COM\",\"description\":\"Pr\u00e9server, explorer, rejouer\",\"publisher\":{\"@id\":\"https:\\\/\\\/mo5.com\\\/#organization\"},\"potentialAction\":[{\"@type\":\"SearchAction\",\"target\":{\"@type\":\"EntryPoint\",\"urlTemplate\":\"https:\\\/\\\/mo5.com\\\/?s={search_term_string}\"},\"query-input\":{\"@type\":\"PropertyValueSpecification\",\"valueRequired\":true,\"valueName\":\"search_term_string\"}}],\"inLanguage\":\"fr-FR\"},{\"@type\":\"Organization\",\"@id\":\"https:\\\/\\\/mo5.com\\\/#organization\",\"name\":\"Association MO5.COM\",\"url\":\"https:\\\/\\\/mo5.com\\\/\",\"logo\":{\"@type\":\"ImageObject\",\"inLanguage\":\"fr-FR\",\"@id\":\"https:\\\/\\\/mo5.com\\\/#\\\/schema\\\/logo\\\/image\\\/\",\"url\":\"https:\\\/\\\/mo5.com\\\/wp-content\\\/uploads\\\/2023\\\/10\\\/Logo_MO5_A_Colo_Texte_Bleu-e1697059504554.png\",\"contentUrl\":\"https:\\\/\\\/mo5.com\\\/wp-content\\\/uploads\\\/2023\\\/10\\\/Logo_MO5_A_Colo_Texte_Bleu-e1697059504554.png\",\"width\":2094,\"height\":559,\"caption\":\"Association MO5.COM\"},\"image\":{\"@id\":\"https:\\\/\\\/mo5.com\\\/#\\\/schema\\\/logo\\\/image\\\/\"},\"sameAs\":[\"https:\\\/\\\/www.facebook.com\\\/pages\\\/Association-MO5COM\\\/9540357570\",\"https:\\\/\\\/x.com\\\/assomo5\",\"http:\\\/\\\/www.instagram.com\\\/assomo5\",\"https:\\\/\\\/www.youtube.com\\\/channel\\\/UCRncMsBo89C9u_8gpWnsOVw\\\/featured\",\"https:\\\/\\\/bsky.app\\\/profile\\\/assomo5.bsky.social\",\"https:\\\/\\\/twitch.tv\\\/mo5assoretro\"]},{\"@type\":\"Person\",\"@id\":\"https:\\\/\\\/mo5.com\\\/#\\\/schema\\\/person\\\/699d40c98de376ea5f90a0e0c8fbbe03\",\"name\":\"Vanessa Lambert\",\"image\":{\"@type\":\"ImageObject\",\"inLanguage\":\"fr-FR\",\"@id\":\"https:\\\/\\\/secure.gravatar.com\\\/avatar\\\/9ece66626ce44c3cf1f4e5c76c7b3de985616d63290d11f0309252f3c0f4108d?s=96&d=mm&r=g\",\"url\":\"https:\\\/\\\/secure.gravatar.com\\\/avatar\\\/9ece66626ce44c3cf1f4e5c76c7b3de985616d63290d11f0309252f3c0f4108d?s=96&d=mm&r=g\",\"contentUrl\":\"https:\\\/\\\/secure.gravatar.com\\\/avatar\\\/9ece66626ce44c3cf1f4e5c76c7b3de985616d63290d11f0309252f3c0f4108d?s=96&d=mm&r=g\",\"caption\":\"Vanessa Lambert\"},\"url\":\"https:\\\/\\\/mo5.com\\\/fr\\\/author\\\/vanessa\\\/\"}]}<\/script>\n<!-- \/ Yoast SEO plugin. -->","yoast_head_json":{"title":"Podcast #40 - La Nintendo 64 a 20 ans en France - MO5.COM","description":"Si ce nouveau num\u00e9ro des\u00a0Podcasts de MO5.COM\u00a0n\u2019arrive \u00ab\u00a0que\u00a0\u00bb deux mois apr\u00e8s\u00a0le pr\u00e9c\u00e9dent, nous avions pr\u00e9vu de le faire bien plus t\u00f4t comme en t\u00e9moigne le choix de l\u2019anniversaire\u00a0fran\u00e7aisde la\u00a0Nintendo\u00a064, arriv\u00e9e en dernier dans l\u2019Hexagone.","robots":{"index":"index","follow":"follow","max-snippet":"max-snippet:-1","max-image-preview":"max-image-preview:large","max-video-preview":"max-video-preview:-1"},"canonical":"https:\/\/mo5.com\/fr\/podcast-40-la-nintendo-64-a-20-ans-en-france\/","og_locale":"fr_FR","og_type":"article","og_title":"Podcast #40 - La Nintendo 64 a 20 ans en France - MO5.COM","og_description":"Si ce nouveau num\u00e9ro des\u00a0Podcasts de MO5.COM\u00a0n\u2019arrive \u00ab\u00a0que\u00a0\u00bb deux mois apr\u00e8s\u00a0le pr\u00e9c\u00e9dent, nous avions pr\u00e9vu de le faire bien plus t\u00f4t comme en t\u00e9moigne le choix de l\u2019anniversaire\u00a0fran\u00e7aisde la\u00a0Nintendo\u00a064, arriv\u00e9e en dernier dans l\u2019Hexagone.","og_url":"https:\/\/mo5.com\/fr\/podcast-40-la-nintendo-64-a-20-ans-en-france\/","og_site_name":"MO5.COM","article_publisher":"https:\/\/www.facebook.com\/pages\/Association-MO5COM\/9540357570","article_published_time":"2017-09-15T00:30:00+00:00","article_modified_time":"2023-10-12T07:52:02+00:00","og_image":[{"width":1200,"height":800,"url":"https:\/\/mo5.com\/wp-content\/uploads\/2017\/09\/Podcast-40-1.jpg","type":"image\/jpeg"}],"author":"Vanessa Lambert","twitter_card":"summary_large_image","twitter_creator":"@assomo5","twitter_site":"@assomo5","twitter_misc":{"\u00c9crit par":"Vanessa Lambert","Dur\u00e9e de lecture estim\u00e9e":"3 minutes"},"schema":{"@context":"https:\/\/schema.org","@graph":[{"@type":"Article","@id":"https:\/\/mo5.com\/podcast-40-la-nintendo-64-a-20-ans-en-france\/#article","isPartOf":{"@id":"https:\/\/mo5.com\/podcast-40-la-nintendo-64-a-20-ans-en-france\/"},"author":{"name":"Vanessa Lambert","@id":"https:\/\/mo5.com\/#\/schema\/person\/699d40c98de376ea5f90a0e0c8fbbe03"},"headline":"Podcast #40 &#8211; La Nintendo 64 a 20 ans en France","datePublished":"2017-09-15T00:30:00+00:00","dateModified":"2023-10-12T07:52:02+00:00","mainEntityOfPage":{"@id":"https:\/\/mo5.com\/podcast-40-la-nintendo-64-a-20-ans-en-france\/"},"wordCount":444,"publisher":{"@id":"https:\/\/mo5.com\/#organization"},"image":{"@id":"https:\/\/mo5.com\/podcast-40-la-nintendo-64-a-20-ans-en-france\/#primaryimage"},"thumbnailUrl":"https:\/\/mo5.com\/wp-content\/uploads\/2017\/09\/Podcast-40-1.jpg","keywords":["n64","nintendo","nintendo64","podcast","retrogaming"],"articleSection":["Podcasts"],"inLanguage":"fr-FR"},{"@type":"WebPage","@id":"https:\/\/mo5.com\/podcast-40-la-nintendo-64-a-20-ans-en-france\/","url":"https:\/\/mo5.com\/podcast-40-la-nintendo-64-a-20-ans-en-france\/","name":"Podcast #40 - La Nintendo 64 a 20 ans en France - MO5.COM","isPartOf":{"@id":"https:\/\/mo5.com\/#website"},"primaryImageOfPage":{"@id":"https:\/\/mo5.com\/podcast-40-la-nintendo-64-a-20-ans-en-france\/#primaryimage"},"image":{"@id":"https:\/\/mo5.com\/podcast-40-la-nintendo-64-a-20-ans-en-france\/#primaryimage"},"thumbnailUrl":"https:\/\/mo5.com\/wp-content\/uploads\/2017\/09\/Podcast-40-1.jpg","datePublished":"2017-09-15T00:30:00+00:00","dateModified":"2023-10-12T07:52:02+00:00","description":"Si ce nouveau num\u00e9ro des\u00a0Podcasts de MO5.COM\u00a0n\u2019arrive \u00ab\u00a0que\u00a0\u00bb deux mois apr\u00e8s\u00a0le pr\u00e9c\u00e9dent, nous avions pr\u00e9vu de le faire bien plus t\u00f4t comme en t\u00e9moigne le choix de l\u2019anniversaire\u00a0fran\u00e7aisde la\u00a0Nintendo\u00a064, arriv\u00e9e en dernier dans l\u2019Hexagone.","breadcrumb":{"@id":"https:\/\/mo5.com\/podcast-40-la-nintendo-64-a-20-ans-en-france\/#breadcrumb"},"inLanguage":"fr-FR","potentialAction":[{"@type":"ReadAction","target":["https:\/\/mo5.com\/podcast-40-la-nintendo-64-a-20-ans-en-france\/"]}]},{"@type":"ImageObject","inLanguage":"fr-FR","@id":"https:\/\/mo5.com\/podcast-40-la-nintendo-64-a-20-ans-en-france\/#primaryimage","url":"https:\/\/mo5.com\/wp-content\/uploads\/2017\/09\/Podcast-40-1.jpg","contentUrl":"https:\/\/mo5.com\/wp-content\/uploads\/2017\/09\/Podcast-40-1.jpg","width":1350,"height":900},{"@type":"BreadcrumbList","@id":"https:\/\/mo5.com\/podcast-40-la-nintendo-64-a-20-ans-en-france\/#breadcrumb","itemListElement":[{"@type":"ListItem","position":1,"name":"Accueil","item":"https:\/\/mo5.com\/"},{"@type":"ListItem","position":2,"name":"Podcast #40 &#8211; La Nintendo 64 a 20 ans en France"}]},{"@type":"WebSite","@id":"https:\/\/mo5.com\/#website","url":"https:\/\/mo5.com\/","name":"MO5.COM","description":"Pr\u00e9server, explorer, rejouer","publisher":{"@id":"https:\/\/mo5.com\/#organization"},"potentialAction":[{"@type":"SearchAction","target":{"@type":"EntryPoint","urlTemplate":"https:\/\/mo5.com\/?s={search_term_string}"},"query-input":{"@type":"PropertyValueSpecification","valueRequired":true,"valueName":"search_term_string"}}],"inLanguage":"fr-FR"},{"@type":"Organization","@id":"https:\/\/mo5.com\/#organization","name":"Association MO5.COM","url":"https:\/\/mo5.com\/","logo":{"@type":"ImageObject","inLanguage":"fr-FR","@id":"https:\/\/mo5.com\/#\/schema\/logo\/image\/","url":"https:\/\/mo5.com\/wp-content\/uploads\/2023\/10\/Logo_MO5_A_Colo_Texte_Bleu-e1697059504554.png","contentUrl":"https:\/\/mo5.com\/wp-content\/uploads\/2023\/10\/Logo_MO5_A_Colo_Texte_Bleu-e1697059504554.png","width":2094,"height":559,"caption":"Association MO5.COM"},"image":{"@id":"https:\/\/mo5.com\/#\/schema\/logo\/image\/"},"sameAs":["https:\/\/www.facebook.com\/pages\/Association-MO5COM\/9540357570","https:\/\/x.com\/assomo5","http:\/\/www.instagram.com\/assomo5","https:\/\/www.youtube.com\/channel\/UCRncMsBo89C9u_8gpWnsOVw\/featured","https:\/\/bsky.app\/profile\/assomo5.bsky.social","https:\/\/twitch.tv\/mo5assoretro"]},{"@type":"Person","@id":"https:\/\/mo5.com\/#\/schema\/person\/699d40c98de376ea5f90a0e0c8fbbe03","name":"Vanessa Lambert","image":{"@type":"ImageObject","inLanguage":"fr-FR","@id":"https:\/\/secure.gravatar.com\/avatar\/9ece66626ce44c3cf1f4e5c76c7b3de985616d63290d11f0309252f3c0f4108d?s=96&d=mm&r=g","url":"https:\/\/secure.gravatar.com\/avatar\/9ece66626ce44c3cf1f4e5c76c7b3de985616d63290d11f0309252f3c0f4108d?s=96&d=mm&r=g","contentUrl":"https:\/\/secure.gravatar.com\/avatar\/9ece66626ce44c3cf1f4e5c76c7b3de985616d63290d11f0309252f3c0f4108d?s=96&d=mm&r=g","caption":"Vanessa Lambert"},"url":"https:\/\/mo5.com\/fr\/author\/vanessa\/"}]}},"_links":{"self":[{"href":"https:\/\/mo5.com\/fr\/wp-json\/wp\/v2\/posts\/5300","targetHints":{"allow":["GET"]}}],"collection":[{"href":"https:\/\/mo5.com\/fr\/wp-json\/wp\/v2\/posts"}],"about":[{"href":"https:\/\/mo5.com\/fr\/wp-json\/wp\/v2\/types\/post"}],"author":[{"embeddable":true,"href":"https:\/\/mo5.com\/fr\/wp-json\/wp\/v2\/users\/321"}],"replies":[{"embeddable":true,"href":"https:\/\/mo5.com\/fr\/wp-json\/wp\/v2\/comments?post=5300"}],"version-history":[{"count":0,"href":"https:\/\/mo5.com\/fr\/wp-json\/wp\/v2\/posts\/5300\/revisions"}],"wp:featuredmedia":[{"embeddable":true,"href":"https:\/\/mo5.com\/fr\/wp-json\/wp\/v2\/media\/6007"}],"wp:attachment":[{"href":"https:\/\/mo5.com\/fr\/wp-json\/wp\/v2\/media?parent=5300"}],"wp:term":[{"taxonomy":"category","embeddable":true,"href":"https:\/\/mo5.com\/fr\/wp-json\/wp\/v2\/categories?post=5300"},{"taxonomy":"post_tag","embeddable":true,"href":"https:\/\/mo5.com\/fr\/wp-json\/wp\/v2\/tags?post=5300"}],"curies":[{"name":"wp","href":"https:\/\/api.w.org\/{rel}","templated":true}]}}