{"id":5302,"date":"2016-11-27T01:30:00","date_gmt":"2016-11-27T00:30:00","guid":{"rendered":"https:\/\/mo5.fr\/mag\/podcasts\/podcast_37.mp3"},"modified":"2019-03-11T09:43:43","modified_gmt":"2019-03-11T08:43:43","slug":"podcast-37-la-xbox-a-15-ans","status":"publish","type":"post","link":"https:\/\/mo5.com\/fr\/podcast-37-la-xbox-a-15-ans\/","title":{"rendered":"Podcast #37 &#8211; La Xbox a 15 ans"},"content":{"rendered":"<div itemscope itemtype=\"http:\/\/schema.org\/AudioObject\"><meta itemprop=\"name\" content=\"Podcast #37 &amp;#8211; La Xbox a 15 ans\" \/><meta itemprop=\"uploadDate\" content=\"2016-11-27T01:30:00+02:00\" \/><meta itemprop=\"encodingFormat\" content=\"audio\/mpeg\" \/><meta itemprop=\"duration\" content=\"PT3H33M30S\" \/><meta itemprop=\"description\" content=\"Avec David Dufour et Cyril Berrebi\" \/><meta itemprop=\"contentUrl\" content=\"https:\/\/mo5.com\/mag\/podcasts\/podcast_37.mp3\" \/><meta itemprop=\"contentSize\" content=\"195.5\" \/><div class=\"powerpress_player\" id=\"powerpress_player_7336\"><audio class=\"wp-audio-shortcode\" id=\"audio-5302-1\" preload=\"none\" style=\"width: 100%;\" controls=\"controls\"><source type=\"audio\/mpeg\" src=\"https:\/\/mo5.com\/mag\/podcasts\/podcast_37.mp3?_=1\" \/><a href=\"https:\/\/mo5.com\/mag\/podcasts\/podcast_37.mp3\">https:\/\/mo5.com\/mag\/podcasts\/podcast_37.mp3<\/a><\/audio><\/div><\/div><p class=\"powerpress_links powerpress_links_mp3\" style=\"margin-bottom: 1px !important;\">Podcast: <a href=\"https:\/\/mo5.com\/mag\/podcasts\/podcast_37.mp3\" class=\"powerpress_link_pinw\" target=\"_blank\" title=\"Play in new window\" onclick=\"return powerpress_pinw('https:\/\/mo5.com\/fr\/?powerpress_pinw=5302-podcast');\" rel=\"nofollow\">Play in new window<\/a> | <a href=\"https:\/\/mo5.com\/mag\/podcasts\/podcast_37.mp3\" class=\"powerpress_link_d\" title=\"Download\" rel=\"nofollow\" download=\"podcast_37.mp3\">Download<\/a><\/p><p class=\"powerpress_links powerpress_subscribe_links\">Subscribe: <a href=\"https:\/\/itunes.apple.com\/us\/podcast\/les-podcasts-de-mo5.com\/id507305154?ign-mpt=uo%3D4&amp;mt=2&amp;ls=1#episodeGuid=https%3A%2F%2Fmo5.fr%2Fmag%2Fpodcasts%2Fpodcast_37.mp3\" class=\"powerpress_link_subscribe powerpress_link_subscribe_itunes\" target=\"_blank\" title=\"Subscribe on Apple Podcasts\" rel=\"nofollow\">Apple Podcasts<\/a> | <a href=\"https:\/\/open.spotify.com\/show\/5ctg2KmlJjZlDCdmW8Z5wj\" class=\"powerpress_link_subscribe powerpress_link_subscribe_spotify\" target=\"_blank\" title=\"Subscribe on Spotify\" rel=\"nofollow\">Spotify<\/a> | <a href=\"https:\/\/mo5.com\/fr\/feed\/podcast\/\" class=\"powerpress_link_subscribe powerpress_link_subscribe_rss\" target=\"_blank\" title=\"Subscribe via RSS\" rel=\"nofollow\">RSS<\/a><\/p><p>Apr\u00e8s une \u00e9mission d\u00e9di\u00e9e aux trente ans de\u00a0<a href=\"http:\/\/mag.mo5.com\/a-la-une\/102975\/les-podcasts-de-mo5-com-36-metroid-a-30-ans\/\" target=\"_blank\" rel=\"noopener noreferrer\"><em><strong>Metroid<\/strong><\/em><\/a>,\u00a0<em><strong>Les Podcasts de MO5.COM<\/strong><\/em>\u00a0c\u00e9l\u00e8brent de nouveau un anniversaire, mais avec un peu moins de retard cette fois\u2026 C\u2019\u00e9tait en effet il y a moins de quinze jours, le 15 novembre, que la\u00a0<strong>Xbox<\/strong>\u00a0f\u00eatait ses quinze ans. Alors oui, elle est nettement plus jeune que les autres machines que nous avons abord\u00e9es jusqu\u2019ici (<a href=\"http:\/\/mag.mo5.com\/actu\/39995\/les-podcasts-de-mo5-com-17-la-famicom-a-30-ans\/\" target=\"_blank\" rel=\"noopener noreferrer\"><strong>Famicom<\/strong><\/a>,\u00a0<a href=\"http:\/\/mag.mo5.com\/a-la-une\/61548\/les-podcasts-de-mo5-com-30-la-playstation-a-20-ans\/\" target=\"_blank\" rel=\"noopener noreferrer\"><strong>PlayStation<\/strong><\/a>,\u00a0<a href=\"http:\/\/mag.mo5.com\/actu\/68128\/les-podcasts-de-mo5-com-32-la-neo%c2%b7geo-a-25-ans\/\" target=\"_blank\" rel=\"noopener noreferrer\"><strong>Neo\u00b7Geo<\/strong><\/a>), mais elle n\u2019en est pas moins int\u00e9ressante comme en t\u00e9moigne la dur\u00e9e de cette \u00e9mission (03:33\u203230\u2033 !) \u00e0 l\u2019image de la massivit\u00e9 du monolithe noir et vert fluo\u2026<\/p>\n<p>Car elle est non seulement la premi\u00e8re console am\u00e9ricaine \u00e0 avoir rencontr\u00e9 le succ\u00e8s depuis la v\u00e9n\u00e9rable\u00a0<strong>Atari 2600<\/strong>, mais elle a permis \u00e0\u00a0<strong>Microsoft<\/strong>, une soci\u00e9t\u00e9 jusqu\u2019ici principalement connue pour ses logiciels et syst\u00e8mes d\u2019exploitation, de devenir l\u2019un des constructeurs majeurs du march\u00e9 du jeu vid\u00e9o. Pour revenir sur sa gen\u00e8se, nous nous sommes naturellement bas\u00e9s sur le livre\u00a0<a href=\"http:\/\/mag.mo5.com\/actu\/44715\/au-coeur-de-la-xbox-en-precommande-chez-pixn-love\/\" target=\"_blank\" rel=\"noopener noreferrer\"><em><strong>Au c\u0153ur de la Xbox<\/strong><\/em><\/a>\u00a0sign\u00e9\u00a0<strong>Dean Takahashi<\/strong>, et nous avons fait appel \u00e0\u00a0<strong>David Dufour<\/strong>, \u00e0 la t\u00eate du marketing de la marque Xbox de son lancement en 2001 jusqu\u2019\u00e0 2013, ainsi qu\u2019\u00e0\u00a0<strong>Cyril Berrebi<\/strong>, \u00e0 l\u2019\u00e9poque le r\u00e9dacteur en chef de\u00a0<a href=\"http:\/\/abandonware-magazines.org\/affiche_mag.php?mag=180&amp;page=presentation\" target=\"_blank\" rel=\"noopener noreferrer\"><strong>Xbox \u2013 le magazine officiel<\/strong><\/a>. Cela nous conf\u00e8re ainsi, comme pour notre podcast sur la\u00a0<a href=\"http:\/\/mag.mo5.com\/actu\/42181\/les-podcasts-de-mo5-com-19-la-nes-en-france\/\" target=\"_blank\" rel=\"noopener noreferrer\"><strong>NES<\/strong><\/a>, un point de vue davantage hexagonal sur la console\u2026<\/p>\n<div id=\"attachment_106133\" class=\"wp-caption aligncenter\">\n<p><a href=\"http:\/\/mag.mo5.com\/a-la-une\/106129\/les-podcasts-de-mo5-com-37-la-xbox-a-15-ans\/\"><img loading=\"lazy\" decoding=\"async\" class=\"wp-image-106133\" title=\"De gauche \u00e0 droite : Jean-S\u00e9bastien Brugalat, Cyril Berrebi, David Dufour et Sseb22\" src=\"http:\/\/mag.mo5.com\/wp-content\/uploads\/2016\/11\/podcast_37.jpg\"  sizes=\"(max-width: 530px) 100vw, 530px\" srcset=\"http:\/\/mag.mo5.com\/wp-content\/uploads\/2016\/11\/podcast_37.jpg 600w, http:\/\/mag.mo5.com\/wp-content\/uploads\/2016\/11\/podcast_37-300x199.jpg 300w\" alt=\"De gauche \u00e0 droite : Jean-S\u00e9bastien Brugalat, Cyril Berrebi, David Dufour et Sseb22\" width=\"530\" height=\"351\" \/><\/a><\/p>\n<p class=\"wp-caption-text\">De gauche \u00e0 droite : Jean-S\u00e9bastien Brugalat, Cyril Berrebi, David Dufour et Sseb22<\/p>\n<\/div>\n<p>Les participants de ce podcast sont :<\/p>\n<ul>\n<li><strong>David Dufour<\/strong>, responsable du marketing de la marque\u00a0<strong>Xbox<\/strong>\u00a0de 2001 \u00e0 2013, aujourd\u2019hui de la branche\u00a0<em>consumer<\/em>\u00a0de\u00a0<strong>Microsoft<\/strong><\/li>\n<li><strong>Cyril Berrebi<\/strong>, ex-r\u00e9dacteur en chef de\u00a0<a href=\"http:\/\/abandonware-magazines.org\/affiche_mag.php?mag=180&amp;page=presentation\" target=\"_blank\" rel=\"noopener noreferrer\"><strong>Xbox \u2013 le magazine officiel<\/strong><\/a>, aujourd\u2019hui responsable de communication chez\u00a0<strong>Capcom<\/strong><\/li>\n<li><strong>SSeb22<\/strong>, auteur de\u00a0<a href=\"https:\/\/docs.google.com\/file\/d\/0B17BGxdBuILzYTM1ZmMyZTMtNmQ3OC00YTk4LTgzN2MtNTBjY2Y5ODg0NTJj\/edit?hl=en_US\" target=\"_blank\" rel=\"noopener noreferrer\"><em>Ma \u00ab carri\u00e8re \u00bb de joueur<\/em><\/a>,\u00a0<a href=\"http:\/\/www.gameblog.fr\/mygameblog\/923_sseb22\/articles\" target=\"_blank\" rel=\"noopener noreferrer\">gamebloggeur<\/a>\u00a0et\u00a0<a href=\"http:\/\/www.senscritique.com\/sseb22\/critiques\/jeux\/publication?\" target=\"_blank\" rel=\"noopener noreferrer\">testeur prolifique<\/a><\/li>\n<li><strong>Guillaume Verdin<\/strong>, responsable \u00e9ditorial du Mag qui traite de l\u2019actualit\u00e9 du\u00a0<em>retrogaming<\/em><\/li>\n<li>et\u00a0<strong>Jean-S\u00e9bastien Brugalat<\/strong>, grand amateur de p\u00e9niches<\/li>\n<\/ul>\n<p><strong>En bonus :<\/strong>\u00a0la fameuse d\u00e9mo technique\u00a0<a href=\"https:\/\/www.youtube.com\/watch?v=-FGeqomYUyU\" target=\"_blank\" rel=\"noopener noreferrer\"><strong><em>Two to Tango<\/em><\/strong><\/a>\u00a0de 2000, les fameuses publicit\u00e9s\u00a0<a href=\"https:\/\/www.youtube.com\/watch?v=_IexQrWwGM0\" target=\"_blank\" rel=\"noopener noreferrer\"><em><strong>Life is Short, Play More<\/strong><\/em><\/a>\u00a0et\u00a0<a href=\"https:\/\/www.youtube.com\/watch?v=-m3LhvYpJ0M\" target=\"_blank\" rel=\"noopener noreferrer\"><em><strong>Les Moustiques<\/strong><\/em><\/a>,\u00a0<a href=\"https:\/\/www.youtube.com\/watch?v=wL0E_2omSeI\" target=\"_blank\" rel=\"noopener noreferrer\">la l\u00e9gendaire p\u00e9niche<\/a>\u00a0<strong>Xbox 360<\/strong>\u00a0et la table ronde d\u2019<a href=\"https:\/\/www.youtube.com\/watch?v=rUODlNffWmU\" target=\"_blank\" rel=\"noopener noreferrer\"><strong>IGN<\/strong><\/a>.<\/p>\n<p>Cette \u00e9mission de 3h33 peut s\u2019\u00e9couter \u00e0 l\u2019aide du lecteur ci-dessous, se t\u00e9l\u00e9charger\u00a0<a href=\"https:\/\/mo5.com\/mag\/podcasts\/podcast_37.mp3\">ici<\/a>\u00a0ou via\u00a0<a href=\"http:\/\/itunes.apple.com\/fr\/podcast\/les-podcasts-mo5.com\/id507305154?l=fr\" target=\"_blank\" rel=\"noopener noreferrer\"><strong>iTunes<\/strong><\/a>. N\u2019h\u00e9sitez pas \u00e0 laisser des commentaires ou \u00e0 poser des questions, ici-m\u00eame ou sur la page\u00a0<a href=\"https:\/\/www.facebook.com\/pages\/Les-podcasts-de-Mo5com\/308044669245340\" target=\"_blank\" rel=\"noopener noreferrer\"><strong>Facebook<\/strong><\/a>\u00a0des podcasts. Nous y r\u00e9pondrons durant les prochaines \u00e9missions.<\/p>\n","protected":false},"excerpt":{"rendered":"<p>Apr\u00e8s une \u00e9mission d\u00e9di\u00e9e aux trente ans de\u00a0Metroid,\u00a0Les Podcasts de MO5.COM\u00a0c\u00e9l\u00e8brent de nouveau un anniversaire, mais avec un peu moins de retard cette fois\u2026 C\u2019\u00e9tait en effet il y a moins de quinze jours, le 15 novembre, que la\u00a0Xbox\u00a0f\u00eatait ses quinze ans. Alors oui, elle est nettement plus jeune que les autres machines que nous avons abord\u00e9es jusqu\u2019ici (Famicom,\u00a0PlayStation,\u00a0Neo\u00b7Geo), mais elle n\u2019en est pas moins int\u00e9ressante comme en t\u00e9moigne la dur\u00e9e de cette \u00e9mission (03:33\u203230\u2033 !) \u00e0 l\u2019image de la massivit\u00e9 du monolithe noir et vert fluo\u2026 Car elle est non seulement la premi\u00e8re console am\u00e9ricaine \u00e0 avoir rencontr\u00e9 le succ\u00e8s depuis la v\u00e9n\u00e9rable\u00a0Atari 2600, mais elle a permis \u00e0\u00a0Microsoft, une soci\u00e9t\u00e9 jusqu\u2019ici principalement connue pour ses logiciels et syst\u00e8mes d\u2019exploitation, de devenir l\u2019un des constructeurs majeurs du march\u00e9 du jeu vid\u00e9o. Pour revenir sur sa gen\u00e8se, nous nous sommes naturellement bas\u00e9s sur le livre\u00a0Au c\u0153ur de la Xbox\u00a0sign\u00e9\u00a0Dean Takahashi, et nous avons fait appel \u00e0\u00a0David Dufour, \u00e0 la t\u00eate du marketing de la marque Xbox de son lancement en 2001 jusqu\u2019\u00e0 2013, ainsi qu\u2019\u00e0\u00a0Cyril Berrebi, \u00e0 l\u2019\u00e9poque le r\u00e9dacteur en chef de\u00a0Xbox \u2013 le magazine officiel. Cela nous conf\u00e8re ainsi, comme pour notre podcast sur la\u00a0NES, un point de vue davantage hexagonal sur la console\u2026 De gauche \u00e0 droite : Jean-S\u00e9bastien Brugalat, Cyril Berrebi, David Dufour et Sseb22 Les participants de ce podcast sont : David Dufour, responsable du marketing de la marque\u00a0Xbox\u00a0de 2001 \u00e0 2013, aujourd\u2019hui de la branche\u00a0consumer\u00a0de\u00a0Microsoft Cyril Berrebi, ex-r\u00e9dacteur en chef de\u00a0Xbox \u2013 le magazine officiel, aujourd\u2019hui responsable de communication chez\u00a0Capcom SSeb22, auteur de\u00a0Ma \u00ab carri\u00e8re \u00bb de joueur,\u00a0gamebloggeur\u00a0et\u00a0testeur prolifique Guillaume Verdin, responsable \u00e9ditorial du Mag qui traite de l\u2019actualit\u00e9 du\u00a0retrogaming et\u00a0Jean-S\u00e9bastien Brugalat, grand amateur de p\u00e9niches En bonus :\u00a0la fameuse d\u00e9mo technique\u00a0Two to Tango\u00a0de 2000, les fameuses publicit\u00e9s\u00a0Life is Short, Play More\u00a0et\u00a0Les Moustiques,\u00a0la l\u00e9gendaire p\u00e9niche\u00a0Xbox 360\u00a0et la table ronde d\u2019IGN. Cette \u00e9mission de 3h33 peut s\u2019\u00e9couter \u00e0 l\u2019aide du lecteur ci-dessous, se t\u00e9l\u00e9charger\u00a0ici\u00a0ou via\u00a0iTunes. N\u2019h\u00e9sitez pas \u00e0 laisser des commentaires ou \u00e0 poser des questions, ici-m\u00eame ou sur la page\u00a0Facebook\u00a0des podcasts. Nous y r\u00e9pondrons durant les prochaines \u00e9missions.<\/p>\n","protected":false},"author":321,"featured_media":5951,"comment_status":"closed","ping_status":"closed","sticky":false,"template":"","format":"standard","meta":{"_acf_changed":false,"give_campaign_id":0,"footnotes":""},"categories":[107],"tags":[503,504,174,502],"class_list":["post-5302","post","type-post","status-publish","format-standard","has-post-thumbnail","hentry","category-podcast","tag-microsoft","tag-podcast","tag-retrogaming","tag-xbox"],"acf":[],"yoast_head":"<!-- This site is optimized with the Yoast SEO plugin v27.4 - https:\/\/yoast.com\/product\/yoast-seo-wordpress\/ -->\n<title>Podcast #37 - La Xbox a 15 ans - MO5.COM<\/title>\n<meta name=\"description\" content=\"Apr\u00e8s une \u00e9mission d\u00e9di\u00e9e aux trente ans de\u00a0Metroid,\u00a0Les Podcasts de MO5.COM\u00a0c\u00e9l\u00e8brent de nouveau un anniversaire, mais avec un peu moins de retard cette fois\u2026 C\u2019\u00e9tait en effet il y a moins de quinze jours, le 15 novembre, que la\u00a0Xbox\u00a0f\u00eatait ses quinze ans.\" \/>\n<meta name=\"robots\" content=\"index, follow, max-snippet:-1, max-image-preview:large, max-video-preview:-1\" \/>\n<link rel=\"canonical\" href=\"https:\/\/mo5.com\/fr\/podcast-37-la-xbox-a-15-ans\/\" \/>\n<meta property=\"og:locale\" content=\"fr_FR\" \/>\n<meta property=\"og:type\" content=\"article\" \/>\n<meta property=\"og:title\" content=\"Podcast #37 - La Xbox a 15 ans - MO5.COM\" \/>\n<meta property=\"og:description\" content=\"Apr\u00e8s une \u00e9mission d\u00e9di\u00e9e aux trente ans de\u00a0Metroid,\u00a0Les Podcasts de MO5.COM\u00a0c\u00e9l\u00e8brent de nouveau un anniversaire, mais avec un peu moins de retard cette fois\u2026 C\u2019\u00e9tait en effet il y a moins de quinze jours, le 15 novembre, que la\u00a0Xbox\u00a0f\u00eatait ses quinze ans.\" \/>\n<meta property=\"og:url\" content=\"https:\/\/mo5.com\/fr\/podcast-37-la-xbox-a-15-ans\/\" \/>\n<meta property=\"og:site_name\" content=\"MO5.COM\" \/>\n<meta property=\"article:publisher\" content=\"https:\/\/www.facebook.com\/pages\/Association-MO5COM\/9540357570\" \/>\n<meta property=\"article:published_time\" content=\"2016-11-27T00:30:00+00:00\" \/>\n<meta property=\"article:modified_time\" content=\"2019-03-11T08:43:43+00:00\" \/>\n<meta property=\"og:image\" content=\"https:\/\/mo5.com\/wp-content\/uploads\/2016\/11\/oBRJP5d.jpg\" \/>\n\t<meta property=\"og:image:width\" content=\"600\" \/>\n\t<meta property=\"og:image:height\" content=\"400\" \/>\n\t<meta property=\"og:image:type\" content=\"image\/jpeg\" \/>\n<meta name=\"author\" content=\"Vanessa Lambert\" \/>\n<meta name=\"twitter:card\" content=\"summary_large_image\" \/>\n<meta name=\"twitter:creator\" content=\"@assomo5\" \/>\n<meta name=\"twitter:site\" content=\"@assomo5\" \/>\n<meta name=\"twitter:label1\" content=\"\u00c9crit par\" \/>\n\t<meta name=\"twitter:data1\" content=\"Vanessa Lambert\" \/>\n\t<meta name=\"twitter:label2\" content=\"Dur\u00e9e de lecture estim\u00e9e\" \/>\n\t<meta name=\"twitter:data2\" content=\"2 minutes\" \/>\n<script type=\"application\/ld+json\" class=\"yoast-schema-graph\">{\"@context\":\"https:\\\/\\\/schema.org\",\"@graph\":[{\"@type\":\"Article\",\"@id\":\"https:\\\/\\\/mo5.com\\\/podcast-37-la-xbox-a-15-ans\\\/#article\",\"isPartOf\":{\"@id\":\"https:\\\/\\\/mo5.com\\\/podcast-37-la-xbox-a-15-ans\\\/\"},\"author\":{\"name\":\"Vanessa Lambert\",\"@id\":\"https:\\\/\\\/mo5.com\\\/#\\\/schema\\\/person\\\/699d40c98de376ea5f90a0e0c8fbbe03\"},\"headline\":\"Podcast #37 &#8211; La Xbox a 15 ans\",\"datePublished\":\"2016-11-27T00:30:00+00:00\",\"dateModified\":\"2019-03-11T08:43:43+00:00\",\"mainEntityOfPage\":{\"@id\":\"https:\\\/\\\/mo5.com\\\/podcast-37-la-xbox-a-15-ans\\\/\"},\"wordCount\":420,\"publisher\":{\"@id\":\"https:\\\/\\\/mo5.com\\\/#organization\"},\"image\":{\"@id\":\"https:\\\/\\\/mo5.com\\\/podcast-37-la-xbox-a-15-ans\\\/#primaryimage\"},\"thumbnailUrl\":\"https:\\\/\\\/mo5.com\\\/wp-content\\\/uploads\\\/2016\\\/11\\\/oBRJP5d.jpg\",\"keywords\":[\"microsoft\",\"podcast\",\"retrogaming\",\"xbox\"],\"articleSection\":[\"Podcasts\"],\"inLanguage\":\"fr-FR\"},{\"@type\":\"WebPage\",\"@id\":\"https:\\\/\\\/mo5.com\\\/podcast-37-la-xbox-a-15-ans\\\/\",\"url\":\"https:\\\/\\\/mo5.com\\\/podcast-37-la-xbox-a-15-ans\\\/\",\"name\":\"Podcast #37 - La Xbox a 15 ans - MO5.COM\",\"isPartOf\":{\"@id\":\"https:\\\/\\\/mo5.com\\\/#website\"},\"primaryImageOfPage\":{\"@id\":\"https:\\\/\\\/mo5.com\\\/podcast-37-la-xbox-a-15-ans\\\/#primaryimage\"},\"image\":{\"@id\":\"https:\\\/\\\/mo5.com\\\/podcast-37-la-xbox-a-15-ans\\\/#primaryimage\"},\"thumbnailUrl\":\"https:\\\/\\\/mo5.com\\\/wp-content\\\/uploads\\\/2016\\\/11\\\/oBRJP5d.jpg\",\"datePublished\":\"2016-11-27T00:30:00+00:00\",\"dateModified\":\"2019-03-11T08:43:43+00:00\",\"description\":\"Apr\u00e8s une \u00e9mission d\u00e9di\u00e9e aux trente ans de\u00a0Metroid,\u00a0Les Podcasts de MO5.COM\u00a0c\u00e9l\u00e8brent de nouveau un anniversaire, mais avec un peu moins de retard cette fois\u2026 C\u2019\u00e9tait en effet il y a moins de quinze jours, le 15 novembre, que la\u00a0Xbox\u00a0f\u00eatait ses quinze ans.\",\"breadcrumb\":{\"@id\":\"https:\\\/\\\/mo5.com\\\/podcast-37-la-xbox-a-15-ans\\\/#breadcrumb\"},\"inLanguage\":\"fr-FR\",\"potentialAction\":[{\"@type\":\"ReadAction\",\"target\":[\"https:\\\/\\\/mo5.com\\\/podcast-37-la-xbox-a-15-ans\\\/\"]}]},{\"@type\":\"ImageObject\",\"inLanguage\":\"fr-FR\",\"@id\":\"https:\\\/\\\/mo5.com\\\/podcast-37-la-xbox-a-15-ans\\\/#primaryimage\",\"url\":\"https:\\\/\\\/mo5.com\\\/wp-content\\\/uploads\\\/2016\\\/11\\\/oBRJP5d.jpg\",\"contentUrl\":\"https:\\\/\\\/mo5.com\\\/wp-content\\\/uploads\\\/2016\\\/11\\\/oBRJP5d.jpg\",\"width\":1350,\"height\":900},{\"@type\":\"BreadcrumbList\",\"@id\":\"https:\\\/\\\/mo5.com\\\/podcast-37-la-xbox-a-15-ans\\\/#breadcrumb\",\"itemListElement\":[{\"@type\":\"ListItem\",\"position\":1,\"name\":\"Accueil\",\"item\":\"https:\\\/\\\/mo5.com\\\/\"},{\"@type\":\"ListItem\",\"position\":2,\"name\":\"Podcast #37 &#8211; La Xbox a 15 ans\"}]},{\"@type\":\"WebSite\",\"@id\":\"https:\\\/\\\/mo5.com\\\/#website\",\"url\":\"https:\\\/\\\/mo5.com\\\/\",\"name\":\"MO5.COM\",\"description\":\"Pr\u00e9server, explorer, rejouer\",\"publisher\":{\"@id\":\"https:\\\/\\\/mo5.com\\\/#organization\"},\"potentialAction\":[{\"@type\":\"SearchAction\",\"target\":{\"@type\":\"EntryPoint\",\"urlTemplate\":\"https:\\\/\\\/mo5.com\\\/?s={search_term_string}\"},\"query-input\":{\"@type\":\"PropertyValueSpecification\",\"valueRequired\":true,\"valueName\":\"search_term_string\"}}],\"inLanguage\":\"fr-FR\"},{\"@type\":\"Organization\",\"@id\":\"https:\\\/\\\/mo5.com\\\/#organization\",\"name\":\"Association MO5.COM\",\"url\":\"https:\\\/\\\/mo5.com\\\/\",\"logo\":{\"@type\":\"ImageObject\",\"inLanguage\":\"fr-FR\",\"@id\":\"https:\\\/\\\/mo5.com\\\/#\\\/schema\\\/logo\\\/image\\\/\",\"url\":\"https:\\\/\\\/mo5.com\\\/wp-content\\\/uploads\\\/2023\\\/10\\\/Logo_MO5_A_Colo_Texte_Bleu-e1697059504554.png\",\"contentUrl\":\"https:\\\/\\\/mo5.com\\\/wp-content\\\/uploads\\\/2023\\\/10\\\/Logo_MO5_A_Colo_Texte_Bleu-e1697059504554.png\",\"width\":2094,\"height\":559,\"caption\":\"Association MO5.COM\"},\"image\":{\"@id\":\"https:\\\/\\\/mo5.com\\\/#\\\/schema\\\/logo\\\/image\\\/\"},\"sameAs\":[\"https:\\\/\\\/www.facebook.com\\\/pages\\\/Association-MO5COM\\\/9540357570\",\"https:\\\/\\\/x.com\\\/assomo5\",\"http:\\\/\\\/www.instagram.com\\\/assomo5\",\"https:\\\/\\\/www.youtube.com\\\/channel\\\/UCRncMsBo89C9u_8gpWnsOVw\\\/featured\",\"https:\\\/\\\/bsky.app\\\/profile\\\/assomo5.bsky.social\",\"https:\\\/\\\/twitch.tv\\\/mo5assoretro\"]},{\"@type\":\"Person\",\"@id\":\"https:\\\/\\\/mo5.com\\\/#\\\/schema\\\/person\\\/699d40c98de376ea5f90a0e0c8fbbe03\",\"name\":\"Vanessa Lambert\",\"image\":{\"@type\":\"ImageObject\",\"inLanguage\":\"fr-FR\",\"@id\":\"https:\\\/\\\/secure.gravatar.com\\\/avatar\\\/9ece66626ce44c3cf1f4e5c76c7b3de985616d63290d11f0309252f3c0f4108d?s=96&d=mm&r=g\",\"url\":\"https:\\\/\\\/secure.gravatar.com\\\/avatar\\\/9ece66626ce44c3cf1f4e5c76c7b3de985616d63290d11f0309252f3c0f4108d?s=96&d=mm&r=g\",\"contentUrl\":\"https:\\\/\\\/secure.gravatar.com\\\/avatar\\\/9ece66626ce44c3cf1f4e5c76c7b3de985616d63290d11f0309252f3c0f4108d?s=96&d=mm&r=g\",\"caption\":\"Vanessa Lambert\"},\"url\":\"https:\\\/\\\/mo5.com\\\/fr\\\/author\\\/vanessa\\\/\"}]}<\/script>\n<!-- \/ Yoast SEO plugin. -->","yoast_head_json":{"title":"Podcast #37 - La Xbox a 15 ans - MO5.COM","description":"Apr\u00e8s une \u00e9mission d\u00e9di\u00e9e aux trente ans de\u00a0Metroid,\u00a0Les Podcasts de MO5.COM\u00a0c\u00e9l\u00e8brent de nouveau un anniversaire, mais avec un peu moins de retard cette fois\u2026 C\u2019\u00e9tait en effet il y a moins de quinze jours, le 15 novembre, que la\u00a0Xbox\u00a0f\u00eatait ses quinze ans.","robots":{"index":"index","follow":"follow","max-snippet":"max-snippet:-1","max-image-preview":"max-image-preview:large","max-video-preview":"max-video-preview:-1"},"canonical":"https:\/\/mo5.com\/fr\/podcast-37-la-xbox-a-15-ans\/","og_locale":"fr_FR","og_type":"article","og_title":"Podcast #37 - La Xbox a 15 ans - MO5.COM","og_description":"Apr\u00e8s une \u00e9mission d\u00e9di\u00e9e aux trente ans de\u00a0Metroid,\u00a0Les Podcasts de MO5.COM\u00a0c\u00e9l\u00e8brent de nouveau un anniversaire, mais avec un peu moins de retard cette fois\u2026 C\u2019\u00e9tait en effet il y a moins de quinze jours, le 15 novembre, que la\u00a0Xbox\u00a0f\u00eatait ses quinze ans.","og_url":"https:\/\/mo5.com\/fr\/podcast-37-la-xbox-a-15-ans\/","og_site_name":"MO5.COM","article_publisher":"https:\/\/www.facebook.com\/pages\/Association-MO5COM\/9540357570","article_published_time":"2016-11-27T00:30:00+00:00","article_modified_time":"2019-03-11T08:43:43+00:00","og_image":[{"width":600,"height":400,"url":"https:\/\/mo5.com\/wp-content\/uploads\/2016\/11\/oBRJP5d.jpg","type":"image\/jpeg"}],"author":"Vanessa Lambert","twitter_card":"summary_large_image","twitter_creator":"@assomo5","twitter_site":"@assomo5","twitter_misc":{"\u00c9crit par":"Vanessa Lambert","Dur\u00e9e de lecture estim\u00e9e":"2 minutes"},"schema":{"@context":"https:\/\/schema.org","@graph":[{"@type":"Article","@id":"https:\/\/mo5.com\/podcast-37-la-xbox-a-15-ans\/#article","isPartOf":{"@id":"https:\/\/mo5.com\/podcast-37-la-xbox-a-15-ans\/"},"author":{"name":"Vanessa Lambert","@id":"https:\/\/mo5.com\/#\/schema\/person\/699d40c98de376ea5f90a0e0c8fbbe03"},"headline":"Podcast #37 &#8211; La Xbox a 15 ans","datePublished":"2016-11-27T00:30:00+00:00","dateModified":"2019-03-11T08:43:43+00:00","mainEntityOfPage":{"@id":"https:\/\/mo5.com\/podcast-37-la-xbox-a-15-ans\/"},"wordCount":420,"publisher":{"@id":"https:\/\/mo5.com\/#organization"},"image":{"@id":"https:\/\/mo5.com\/podcast-37-la-xbox-a-15-ans\/#primaryimage"},"thumbnailUrl":"https:\/\/mo5.com\/wp-content\/uploads\/2016\/11\/oBRJP5d.jpg","keywords":["microsoft","podcast","retrogaming","xbox"],"articleSection":["Podcasts"],"inLanguage":"fr-FR"},{"@type":"WebPage","@id":"https:\/\/mo5.com\/podcast-37-la-xbox-a-15-ans\/","url":"https:\/\/mo5.com\/podcast-37-la-xbox-a-15-ans\/","name":"Podcast #37 - La Xbox a 15 ans - MO5.COM","isPartOf":{"@id":"https:\/\/mo5.com\/#website"},"primaryImageOfPage":{"@id":"https:\/\/mo5.com\/podcast-37-la-xbox-a-15-ans\/#primaryimage"},"image":{"@id":"https:\/\/mo5.com\/podcast-37-la-xbox-a-15-ans\/#primaryimage"},"thumbnailUrl":"https:\/\/mo5.com\/wp-content\/uploads\/2016\/11\/oBRJP5d.jpg","datePublished":"2016-11-27T00:30:00+00:00","dateModified":"2019-03-11T08:43:43+00:00","description":"Apr\u00e8s une \u00e9mission d\u00e9di\u00e9e aux trente ans de\u00a0Metroid,\u00a0Les Podcasts de MO5.COM\u00a0c\u00e9l\u00e8brent de nouveau un anniversaire, mais avec un peu moins de retard cette fois\u2026 C\u2019\u00e9tait en effet il y a moins de quinze jours, le 15 novembre, que la\u00a0Xbox\u00a0f\u00eatait ses quinze ans.","breadcrumb":{"@id":"https:\/\/mo5.com\/podcast-37-la-xbox-a-15-ans\/#breadcrumb"},"inLanguage":"fr-FR","potentialAction":[{"@type":"ReadAction","target":["https:\/\/mo5.com\/podcast-37-la-xbox-a-15-ans\/"]}]},{"@type":"ImageObject","inLanguage":"fr-FR","@id":"https:\/\/mo5.com\/podcast-37-la-xbox-a-15-ans\/#primaryimage","url":"https:\/\/mo5.com\/wp-content\/uploads\/2016\/11\/oBRJP5d.jpg","contentUrl":"https:\/\/mo5.com\/wp-content\/uploads\/2016\/11\/oBRJP5d.jpg","width":1350,"height":900},{"@type":"BreadcrumbList","@id":"https:\/\/mo5.com\/podcast-37-la-xbox-a-15-ans\/#breadcrumb","itemListElement":[{"@type":"ListItem","position":1,"name":"Accueil","item":"https:\/\/mo5.com\/"},{"@type":"ListItem","position":2,"name":"Podcast #37 &#8211; La Xbox a 15 ans"}]},{"@type":"WebSite","@id":"https:\/\/mo5.com\/#website","url":"https:\/\/mo5.com\/","name":"MO5.COM","description":"Pr\u00e9server, explorer, rejouer","publisher":{"@id":"https:\/\/mo5.com\/#organization"},"potentialAction":[{"@type":"SearchAction","target":{"@type":"EntryPoint","urlTemplate":"https:\/\/mo5.com\/?s={search_term_string}"},"query-input":{"@type":"PropertyValueSpecification","valueRequired":true,"valueName":"search_term_string"}}],"inLanguage":"fr-FR"},{"@type":"Organization","@id":"https:\/\/mo5.com\/#organization","name":"Association MO5.COM","url":"https:\/\/mo5.com\/","logo":{"@type":"ImageObject","inLanguage":"fr-FR","@id":"https:\/\/mo5.com\/#\/schema\/logo\/image\/","url":"https:\/\/mo5.com\/wp-content\/uploads\/2023\/10\/Logo_MO5_A_Colo_Texte_Bleu-e1697059504554.png","contentUrl":"https:\/\/mo5.com\/wp-content\/uploads\/2023\/10\/Logo_MO5_A_Colo_Texte_Bleu-e1697059504554.png","width":2094,"height":559,"caption":"Association MO5.COM"},"image":{"@id":"https:\/\/mo5.com\/#\/schema\/logo\/image\/"},"sameAs":["https:\/\/www.facebook.com\/pages\/Association-MO5COM\/9540357570","https:\/\/x.com\/assomo5","http:\/\/www.instagram.com\/assomo5","https:\/\/www.youtube.com\/channel\/UCRncMsBo89C9u_8gpWnsOVw\/featured","https:\/\/bsky.app\/profile\/assomo5.bsky.social","https:\/\/twitch.tv\/mo5assoretro"]},{"@type":"Person","@id":"https:\/\/mo5.com\/#\/schema\/person\/699d40c98de376ea5f90a0e0c8fbbe03","name":"Vanessa Lambert","image":{"@type":"ImageObject","inLanguage":"fr-FR","@id":"https:\/\/secure.gravatar.com\/avatar\/9ece66626ce44c3cf1f4e5c76c7b3de985616d63290d11f0309252f3c0f4108d?s=96&d=mm&r=g","url":"https:\/\/secure.gravatar.com\/avatar\/9ece66626ce44c3cf1f4e5c76c7b3de985616d63290d11f0309252f3c0f4108d?s=96&d=mm&r=g","contentUrl":"https:\/\/secure.gravatar.com\/avatar\/9ece66626ce44c3cf1f4e5c76c7b3de985616d63290d11f0309252f3c0f4108d?s=96&d=mm&r=g","caption":"Vanessa Lambert"},"url":"https:\/\/mo5.com\/fr\/author\/vanessa\/"}]}},"_links":{"self":[{"href":"https:\/\/mo5.com\/fr\/wp-json\/wp\/v2\/posts\/5302","targetHints":{"allow":["GET"]}}],"collection":[{"href":"https:\/\/mo5.com\/fr\/wp-json\/wp\/v2\/posts"}],"about":[{"href":"https:\/\/mo5.com\/fr\/wp-json\/wp\/v2\/types\/post"}],"author":[{"embeddable":true,"href":"https:\/\/mo5.com\/fr\/wp-json\/wp\/v2\/users\/321"}],"replies":[{"embeddable":true,"href":"https:\/\/mo5.com\/fr\/wp-json\/wp\/v2\/comments?post=5302"}],"version-history":[{"count":0,"href":"https:\/\/mo5.com\/fr\/wp-json\/wp\/v2\/posts\/5302\/revisions"}],"wp:featuredmedia":[{"embeddable":true,"href":"https:\/\/mo5.com\/fr\/wp-json\/wp\/v2\/media\/5951"}],"wp:attachment":[{"href":"https:\/\/mo5.com\/fr\/wp-json\/wp\/v2\/media?parent=5302"}],"wp:term":[{"taxonomy":"category","embeddable":true,"href":"https:\/\/mo5.com\/fr\/wp-json\/wp\/v2\/categories?post=5302"},{"taxonomy":"post_tag","embeddable":true,"href":"https:\/\/mo5.com\/fr\/wp-json\/wp\/v2\/tags?post=5302"}],"curies":[{"name":"wp","href":"https:\/\/api.w.org\/{rel}","templated":true}]}}